{"id":10980,"date":"2026-03-08T17:34:42","date_gmt":"2026-03-08T16:34:42","guid":{"rendered":"https:\/\/www.spd-ortsverein-noerdliches-schwerte-holzen.de\/?p=10980"},"modified":"2026-03-08T17:35:34","modified_gmt":"2026-03-08T16:35:34","slug":"spd-besuchte-die-heideschule","status":"publish","type":"post","link":"https:\/\/www.spd-ortsverein-noerdliches-schwerte-holzen.de\/?p=10980","title":{"rendered":"SPD besuchte die Heideschule"},"content":{"rendered":"<p>SPD vor Ort &#8211; Anfang Februar hat die SPD Fraktion die Heideschule besucht, um sich im Vorfeld der Haushaltsberatungen ein konkretes Bild von den geplanten Investitionen an der Grundschule auf der Heide zu machen.<\/p>\n<p>Das verantwortungsvolle und zukunftsorientierte Agieren in der Vergangenheit hat die SPD-Schulpolitiker*innen dabei besonders \u00fcberzeugt.<\/p>\n<p>Bis 2020 herrschte im OGS Betrieb der Heideschule akute Platznot. Das Geb\u00e4ude war einfach zu klein, um allen Bedarfen nach OGS Betreuung gerecht werden zu k\u00f6nnen. Der gro\u00dfz\u00fcgige, sch\u00f6ne Anbau, der 2020 in Betrieb genommen werden konnte, schuf Abhilfe. Und gleichzeitig hat die Verwaltung schon damals vorausschauend die Anschl\u00fcsse f\u00fcr eine K\u00fcche legen lassen. Die k\u00f6nnen jetzt genutzt werden: denn in diesem Jahr greift der OGS Rechtsanspruch und die Schwerter Politik hat beschlossen, dass k\u00fcnftig eine Frischek\u00fcche und Mensa den Anbau an der Heideschule erg\u00e4nzen sollen.<\/p>\n<p>Auch hier agiert die Stadt Schwerte wieder mit Weitblick. In der Frischek\u00fcche wird k\u00fcnftig nicht nur f\u00fcr die Heideschule, sondern f\u00fcr zwei weitere Grundschulen in Schwerte gekocht werden. \u201eW\u00e4hrend in anderen St\u00e4dten sogar OGS Pl\u00e4tze in gro\u00dfer Zahl fehlen, sorgt die Stadt Schwerte f\u00fcr R\u00e4umlichkeiten und frisch gekochtes Mittagessen f\u00fcr die Grundschulkinder\u201c, freut sich der SPD Fraktionsvorsitzende Marc Seelbach.<\/p>\n<p><a href=\"https:\/\/www.spd-ortsverein-noerdliches-schwerte-holzen.de\/wp-content\/uploads\/2026\/03\/IMG_4179.jpeg\"><img loading=\"lazy\" decoding=\"async\" class=\"size-medium wp-image-10981\" src=\"https:\/\/www.spd-ortsverein-noerdliches-schwerte-holzen.de\/wp-content\/uploads\/2026\/03\/IMG_4179-300x278.jpeg\" alt=\"\" width=\"300\" height=\"278\" srcset=\"https:\/\/www.spd-ortsverein-noerdliches-schwerte-holzen.de\/wp-content\/uploads\/2026\/03\/IMG_4179-300x278.jpeg 300w, https:\/\/www.spd-ortsverein-noerdliches-schwerte-holzen.de\/wp-content\/uploads\/2026\/03\/IMG_4179-1024x950.jpeg 1024w, https:\/\/www.spd-ortsverein-noerdliches-schwerte-holzen.de\/wp-content\/uploads\/2026\/03\/IMG_4179-768x712.jpeg 768w, https:\/\/www.spd-ortsverein-noerdliches-schwerte-holzen.de\/wp-content\/uploads\/2026\/03\/IMG_4179.jpeg 1161w\" sizes=\"auto, (max-width: 300px) 100vw, 300px\" \/><\/a><\/p>\n","protected":false},"excerpt":{"rendered":"<p>SPD vor Ort &#8211; Anfang Februar hat die SPD Fraktion die Heideschule besucht, um sich im Vorfeld der Haushaltsberatungen ein konkretes Bild von den geplanten Investitionen an der Grundschule auf der Heide zu machen. Das verantwortungsvolle und zukunftsorientierte Agieren in der Vergangenheit hat die SPD-Schulpolitiker*innen dabei besonders \u00fcberzeugt. Bis 2020 herrschte im OGS Betrieb der [&hellip;]<\/p>\n","protected":false},"author":3,"featured_media":0,"comment_status":"closed","ping_status":"closed","sticky":false,"template":"","format":"standard","meta":{"footnotes":""},"categories":[1,3],"tags":[],"class_list":["post-10980","post","type-post","status-publish","format-standard","hentry","category-allgemein","category-leitartikel"],"_links":{"self":[{"href":"https:\/\/www.spd-ortsverein-noerdliches-schwerte-holzen.de\/index.php?rest_route=\/wp\/v2\/posts\/10980","targetHints":{"allow":["GET"]}}],"collection":[{"href":"https:\/\/www.spd-ortsverein-noerdliches-schwerte-holzen.de\/index.php?rest_route=\/wp\/v2\/posts"}],"about":[{"href":"https:\/\/www.spd-ortsverein-noerdliches-schwerte-holzen.de\/index.php?rest_route=\/wp\/v2\/types\/post"}],"author":[{"embeddable":true,"href":"https:\/\/www.spd-ortsverein-noerdliches-schwerte-holzen.de\/index.php?rest_route=\/wp\/v2\/users\/3"}],"replies":[{"embeddable":true,"href":"https:\/\/www.spd-ortsverein-noerdliches-schwerte-holzen.de\/index.php?rest_route=%2Fwp%2Fv2%2Fcomments&post=10980"}],"version-history":[{"count":2,"href":"https:\/\/www.spd-ortsverein-noerdliches-schwerte-holzen.de\/index.php?rest_route=\/wp\/v2\/posts\/10980\/revisions"}],"predecessor-version":[{"id":10983,"href":"https:\/\/www.spd-ortsverein-noerdliches-schwerte-holzen.de\/index.php?rest_route=\/wp\/v2\/posts\/10980\/revisions\/10983"}],"wp:attachment":[{"href":"https:\/\/www.spd-ortsverein-noerdliches-schwerte-holzen.de\/index.php?rest_route=%2Fwp%2Fv2%2Fmedia&parent=10980"}],"wp:term":[{"taxonomy":"category","embeddable":true,"href":"https:\/\/www.spd-ortsverein-noerdliches-schwerte-holzen.de\/index.php?rest_route=%2Fwp%2Fv2%2Fcategories&post=10980"},{"taxonomy":"post_tag","embeddable":true,"href":"https:\/\/www.spd-ortsverein-noerdliches-schwerte-holzen.de\/index.php?rest_route=%2Fwp%2Fv2%2Ftags&post=10980"}],"curies":[{"name":"wp","href":"https:\/\/api.w.org\/{rel}","templated":true}]}}