{"id":11079,"date":"2026-04-27T23:18:56","date_gmt":"2026-04-27T21:18:56","guid":{"rendered":"https:\/\/www.spd-ortsverein-noerdliches-schwerte-holzen.de\/?p=11079"},"modified":"2026-04-28T10:45:45","modified_gmt":"2026-04-28T08:45:45","slug":"bernd-dreisbusch-ist-sieger-ist-unser-kandidat-fuer-die-landtagswahl-2027","status":"publish","type":"post","link":"https:\/\/www.spd-ortsverein-noerdliches-schwerte-holzen.de\/?p=11079","title":{"rendered":"Bernd Dreisbusch ist Sieger und unser Kandidat f\u00fcr die Landtagswahl 2027"},"content":{"rendered":"<p>Bernd Dreisbusch ist Sieger und unser Kandidat f\u00fcr die Landtagswahl 2027 &#x1f339;<\/p>\n<p>Bernd kandidiert im Wahlkreis 115 \/ Unna I f\u00fcr die St\u00e4dte Fr\u00f6ndenberg, Holzwickede, Schwerte und Unna&#x2757;&#xfe0f;<\/p>\n<p>Gemeinsam packen wir es an&#x1f4aa;&#x1f3fb;<\/p>\n<p><a href=\"https:\/\/www.spd-ortsverein-noerdliches-schwerte-holzen.de\/wp-content\/uploads\/2026\/04\/IMG_5349.jpeg\"><img loading=\"lazy\" decoding=\"async\" class=\"alignnone size-medium wp-image-11080\" src=\"https:\/\/www.spd-ortsverein-noerdliches-schwerte-holzen.de\/wp-content\/uploads\/2026\/04\/IMG_5349-239x300.jpeg\" alt=\"\" width=\"239\" height=\"300\" srcset=\"https:\/\/www.spd-ortsverein-noerdliches-schwerte-holzen.de\/wp-content\/uploads\/2026\/04\/IMG_5349-239x300.jpeg 239w, https:\/\/www.spd-ortsverein-noerdliches-schwerte-holzen.de\/wp-content\/uploads\/2026\/04\/IMG_5349-816x1024.jpeg 816w, https:\/\/www.spd-ortsverein-noerdliches-schwerte-holzen.de\/wp-content\/uploads\/2026\/04\/IMG_5349-768x964.jpeg 768w, https:\/\/www.spd-ortsverein-noerdliches-schwerte-holzen.de\/wp-content\/uploads\/2026\/04\/IMG_5349.jpeg 1206w\" sizes=\"auto, (max-width: 239px) 100vw, 239px\" \/><\/a> <a href=\"https:\/\/www.spd-ortsverein-noerdliches-schwerte-holzen.de\/wp-content\/uploads\/2026\/04\/IMG_5350.jpeg\"><img loading=\"lazy\" decoding=\"async\" class=\"alignnone size-medium wp-image-11081\" src=\"https:\/\/www.spd-ortsverein-noerdliches-schwerte-holzen.de\/wp-content\/uploads\/2026\/04\/IMG_5350-240x300.jpeg\" alt=\"\" width=\"240\" height=\"300\" srcset=\"https:\/\/www.spd-ortsverein-noerdliches-schwerte-holzen.de\/wp-content\/uploads\/2026\/04\/IMG_5350-240x300.jpeg 240w, https:\/\/www.spd-ortsverein-noerdliches-schwerte-holzen.de\/wp-content\/uploads\/2026\/04\/IMG_5350-819x1024.jpeg 819w, https:\/\/www.spd-ortsverein-noerdliches-schwerte-holzen.de\/wp-content\/uploads\/2026\/04\/IMG_5350-768x960.jpeg 768w, https:\/\/www.spd-ortsverein-noerdliches-schwerte-holzen.de\/wp-content\/uploads\/2026\/04\/IMG_5350.jpeg 1080w\" sizes=\"auto, (max-width: 240px) 100vw, 240px\" \/><\/a><\/p>\n<figure id=\"attachment_11085\" class=\"thumbnail wp-caption alignnone\" style=\"width: 310px\"><a href=\"https:\/\/www.spd-ortsverein-noerdliches-schwerte-holzen.de\/wp-content\/uploads\/2026\/04\/IMG_5356.jpeg\"><img loading=\"lazy\" decoding=\"async\" class=\"size-medium wp-image-11085\" src=\"https:\/\/www.spd-ortsverein-noerdliches-schwerte-holzen.de\/wp-content\/uploads\/2026\/04\/IMG_5356-300x204.jpeg\" alt=\"\" width=\"300\" height=\"204\" srcset=\"https:\/\/www.spd-ortsverein-noerdliches-schwerte-holzen.de\/wp-content\/uploads\/2026\/04\/IMG_5356-300x204.jpeg 300w, https:\/\/www.spd-ortsverein-noerdliches-schwerte-holzen.de\/wp-content\/uploads\/2026\/04\/IMG_5356-1024x695.jpeg 1024w, https:\/\/www.spd-ortsverein-noerdliches-schwerte-holzen.de\/wp-content\/uploads\/2026\/04\/IMG_5356-768x521.jpeg 768w, https:\/\/www.spd-ortsverein-noerdliches-schwerte-holzen.de\/wp-content\/uploads\/2026\/04\/IMG_5356.jpeg 1173w\" sizes=\"auto, (max-width: 300px) 100vw, 300px\" \/><\/a><figcaption class=\"caption wp-caption-text\">Bernd Dreisbusch (2.v.l.) Matteo Weitner (2.v.r.) Jens Krammenschneider-Hunscha (r.)Foto: Thomas Schmithausen<\/figcaption><\/figure>\n","protected":false},"excerpt":{"rendered":"<p>Bernd Dreisbusch ist Sieger und unser Kandidat f\u00fcr die Landtagswahl 2027 &#x1f339; Bernd kandidiert im Wahlkreis 115 \/ Unna I f\u00fcr die St\u00e4dte Fr\u00f6ndenberg, Holzwickede, Schwerte und Unna&#x2757;&#xfe0f; Gemeinsam packen wir es an&#x1f4aa;&#x1f3fb;<\/p>\n","protected":false},"author":3,"featured_media":11085,"comment_status":"closed","ping_status":"closed","sticky":false,"template":"","format":"standard","meta":{"footnotes":""},"categories":[1,3],"tags":[],"class_list":["post-11079","post","type-post","status-publish","format-standard","has-post-thumbnail","hentry","category-allgemein","category-leitartikel"],"_links":{"self":[{"href":"https:\/\/www.spd-ortsverein-noerdliches-schwerte-holzen.de\/index.php?rest_route=\/wp\/v2\/posts\/11079","targetHints":{"allow":["GET"]}}],"collection":[{"href":"https:\/\/www.spd-ortsverein-noerdliches-schwerte-holzen.de\/index.php?rest_route=\/wp\/v2\/posts"}],"about":[{"href":"https:\/\/www.spd-ortsverein-noerdliches-schwerte-holzen.de\/index.php?rest_route=\/wp\/v2\/types\/post"}],"author":[{"embeddable":true,"href":"https:\/\/www.spd-ortsverein-noerdliches-schwerte-holzen.de\/index.php?rest_route=\/wp\/v2\/users\/3"}],"replies":[{"embeddable":true,"href":"https:\/\/www.spd-ortsverein-noerdliches-schwerte-holzen.de\/index.php?rest_route=%2Fwp%2Fv2%2Fcomments&post=11079"}],"version-history":[{"count":5,"href":"https:\/\/www.spd-ortsverein-noerdliches-schwerte-holzen.de\/index.php?rest_route=\/wp\/v2\/posts\/11079\/revisions"}],"predecessor-version":[{"id":11087,"href":"https:\/\/www.spd-ortsverein-noerdliches-schwerte-holzen.de\/index.php?rest_route=\/wp\/v2\/posts\/11079\/revisions\/11087"}],"wp:featuredmedia":[{"embeddable":true,"href":"https:\/\/www.spd-ortsverein-noerdliches-schwerte-holzen.de\/index.php?rest_route=\/wp\/v2\/media\/11085"}],"wp:attachment":[{"href":"https:\/\/www.spd-ortsverein-noerdliches-schwerte-holzen.de\/index.php?rest_route=%2Fwp%2Fv2%2Fmedia&parent=11079"}],"wp:term":[{"taxonomy":"category","embeddable":true,"href":"https:\/\/www.spd-ortsverein-noerdliches-schwerte-holzen.de\/index.php?rest_route=%2Fwp%2Fv2%2Fcategories&post=11079"},{"taxonomy":"post_tag","embeddable":true,"href":"https:\/\/www.spd-ortsverein-noerdliches-schwerte-holzen.de\/index.php?rest_route=%2Fwp%2Fv2%2Ftags&post=11079"}],"curies":[{"name":"wp","href":"https:\/\/api.w.org\/{rel}","templated":true}]}}