{"id":11088,"date":"2026-05-01T09:51:11","date_gmt":"2026-05-01T07:51:11","guid":{"rendered":"https:\/\/www.spd-ortsverein-noerdliches-schwerte-holzen.de\/?p=11088"},"modified":"2026-05-01T12:22:35","modified_gmt":"2026-05-01T10:22:35","slug":"arbeitnehmerempfang-im-ahnensaal-politische-bilanz-und-inhaltliche-impulse","status":"publish","type":"post","link":"https:\/\/www.spd-ortsverein-noerdliches-schwerte-holzen.de\/?p=11088","title":{"rendered":"Arbeitnehmerempfang im Ahnensaal: Politische Bilanz und inhaltliche Impulse"},"content":{"rendered":"<p><strong>Von Meike-Corina K\u00fchne-Schmithausen<\/strong><\/p>\n<p>Am 30. April lud die SPD Schwerte zum Arbeitnehmerempfang in den Ahnensaal des ehemaligen Hoesch-Verwaltungsgeb\u00e4udes ein. Simon Lehmann-Hangebrock er\u00f6ffnete die Veranstaltung um 17:00 Uhr in den geschichtstr\u00e4chtigen R\u00e4umlichkeiten der heutigen Factory4. Nach einer kurzen Wartezeit zu Beginn wurde die Runde im weiteren Verlauf des Abends mit Kaltgetr\u00e4nken versorgt.<\/p>\n<p><strong>Fokus auf das Grundrecht \u201eGute Arbeit\u201c<\/strong><\/p>\n<p>In seiner Begr\u00fc\u00dfungsrede betonte Jens Krammenschneider-Hunscha die zentrale Bedeutung der Arbeitnehmerrechte: \u201eGute Arbeit bleibt f\u00fcr jeden ein Grundrecht und wir tun alles daf\u00fcr, dass dieses bleibt.\u201c Diese Zielsetzung untermauerte er mit einem Verweis auf die lokale politische Bilanz. Unter seiner F\u00fchrung verzeichnete die Schwerter SPD zuletzt eine bemerkenswerte Erfolgsserie: Neben dem direkt gew\u00e4hlten B\u00fcrgermeister sicherte sich die Partei alle 19 Direktmandate im Stadtgebiet sowie vier Mandate f\u00fcr den Kreistag.<\/p>\n<figure id=\"attachment_11089\" class=\"thumbnail wp-caption alignnone\" style=\"width: 310px\"><a href=\"https:\/\/www.spd-ortsverein-noerdliches-schwerte-holzen.de\/wp-content\/uploads\/2026\/05\/IMG_5424.jpeg\"><img loading=\"lazy\" decoding=\"async\" class=\"size-medium wp-image-11089\" src=\"https:\/\/www.spd-ortsverein-noerdliches-schwerte-holzen.de\/wp-content\/uploads\/2026\/05\/IMG_5424-300x200.jpeg\" alt=\"\" width=\"300\" height=\"200\" srcset=\"https:\/\/www.spd-ortsverein-noerdliches-schwerte-holzen.de\/wp-content\/uploads\/2026\/05\/IMG_5424-300x200.jpeg 300w, https:\/\/www.spd-ortsverein-noerdliches-schwerte-holzen.de\/wp-content\/uploads\/2026\/05\/IMG_5424-1024x681.jpeg 1024w, https:\/\/www.spd-ortsverein-noerdliches-schwerte-holzen.de\/wp-content\/uploads\/2026\/05\/IMG_5424-768x511.jpeg 768w, https:\/\/www.spd-ortsverein-noerdliches-schwerte-holzen.de\/wp-content\/uploads\/2026\/05\/IMG_5424.jpeg 1177w\" sizes=\"auto, (max-width: 300px) 100vw, 300px\" \/><\/a><figcaption class=\"caption wp-caption-text\">Jens Krammenschneider-Hunscha<\/figcaption><\/figure>\n<p><strong>Strategische Diskussionen zur Wahrnehmung<\/strong><\/p>\n<p>Im weiteren Verlauf des Abends wurde die allgemeine Wahrnehmung der SPD als Arbeitnehmerpartei thematisiert. Dabei wurde die Einsch\u00e4tzung laut, dass die Partei wieder verst\u00e4rkt \u201eSchritte zur\u00fcck\u201c auf die Menschen zumachen m\u00fcsse, um den direkten Dialog an der Basis zu intensivieren und die Glaubw\u00fcrdigkeit als Interessenvertretung der arbeitenden Bev\u00f6lkerung zu festigen. In Schwerte wird dieser enge Kontakt zu den B\u00fcrgern und die Pr\u00e4senz vor Ort als wesentlicher Grundstein f\u00fcr die j\u00fcngsten Wahlerfolge gesehen.<\/p>\n<p><strong>Gewerkschaftliche Impulse<\/strong><\/p>\n<p>F\u00fcr die inhaltliche Vertiefung sorgte Bj\u00f6rn Wi\u00dfuwa von der IG BAU. In seinem Beitrag beleuchtete er die aktuellen Herausforderungen am Arbeitsmarkt und setzte sich unter dem Motto \u201eErst unsere Jobs, dann eure Profite\u201c f\u00fcr eine st\u00e4rkere Ber\u00fccksichtigung der Arbeitnehmerinteressen ein. Der Empfang bot den Anwesenden anschlie\u00dfend den Raum, diese Themen in pers\u00f6nlichen Gespr\u00e4chen zu vertiefen.<\/p>\n<figure id=\"attachment_11090\" class=\"thumbnail wp-caption alignnone\" style=\"width: 310px\"><a href=\"https:\/\/www.spd-ortsverein-noerdliches-schwerte-holzen.de\/wp-content\/uploads\/2026\/05\/IMG_5425.jpeg\"><img loading=\"lazy\" decoding=\"async\" class=\"size-medium wp-image-11090\" src=\"https:\/\/www.spd-ortsverein-noerdliches-schwerte-holzen.de\/wp-content\/uploads\/2026\/05\/IMG_5425-300x198.jpeg\" alt=\"\" width=\"300\" height=\"198\" srcset=\"https:\/\/www.spd-ortsverein-noerdliches-schwerte-holzen.de\/wp-content\/uploads\/2026\/05\/IMG_5425-300x198.jpeg 300w, https:\/\/www.spd-ortsverein-noerdliches-schwerte-holzen.de\/wp-content\/uploads\/2026\/05\/IMG_5425-1024x675.jpeg 1024w, https:\/\/www.spd-ortsverein-noerdliches-schwerte-holzen.de\/wp-content\/uploads\/2026\/05\/IMG_5425-768x507.jpeg 768w, https:\/\/www.spd-ortsverein-noerdliches-schwerte-holzen.de\/wp-content\/uploads\/2026\/05\/IMG_5425.jpeg 1175w\" sizes=\"auto, (max-width: 300px) 100vw, 300px\" \/><\/a><figcaption class=\"caption wp-caption-text\">Bj\u00f6rn Wi\u00dfuwa. Foto: \u00a9 Thomas Schmithausen<\/figcaption><\/figure>\n<p><strong><span style=\"color: #ff0000;\">Presse SPD Schwerte Redaktion:\u00a0<\/span><\/strong><\/p>\n<p>Am 30.04.2026 hat die AfA SPD Schwerte ihren j\u00e4hrlichen Arbeitnehmerempfang zur Vorbereitung auf den 1. Mai im Ahnensaal der Factory4 veranstaltet.<\/p>\n<p>Zu Beginn begr\u00fc\u00dfte der AfA SPD Schwerte Vorsitzende die Anwesenden.<br \/>\nDanach folgten Gru\u00dfworte des Vorsitzenden der SPD Schwerte Jens Krammenschneider-Hunscha und dem AfA SPD Unterbezirksvorsitzenden Thomas Kl\u00fch.<br \/>\nDabei wurde die Bedeutung sozialdemokratischer Wirtschaftspolitik und die Herausforderungen vor Ort skizziert.<\/p>\n<p>Bj\u00f6rn Wi\u00dfuwa, Gewerkschaftssekret\u00e4r der IG BAU, hielt die Festrede zum 1. Mai. Dabei zog Bj\u00f6rn Wi\u00dfuwa den Bogen von der lokalen Verankerung der Gewerkschaft in einem Betrieb wie bspw. Blumen Risse und die gro\u00dfen sozial- und arbeitsmarktpolitischen Herausforderungen auf Bundes- und Landesebene.<\/p>\n<p>Im Anschluss folgte der Austausch mit den Gewerkschaften und Betriebsr\u00e4ten bei Getr\u00e4nken. Die AfA SPD Schwerte bedankt sich bei allen Anwesenden und w\u00fcnscht einen erfolgreichen und friedlichen 1. Mai.<\/p>\n<p>Gl\u00fcck Auf &#x1f339;&#x2764;&#xfe0f;<\/p>\n<p>#tagderarbeit #arbeitnehmerempfang #gewerkschaft #afa #stolzaufschwerte<\/p>\n<p><a href=\"https:\/\/www.spd-ortsverein-noerdliches-schwerte-holzen.de\/wp-content\/uploads\/2026\/05\/IMG_5437.jpeg\"><img loading=\"lazy\" decoding=\"async\" class=\"alignnone size-medium wp-image-11094\" src=\"https:\/\/www.spd-ortsverein-noerdliches-schwerte-holzen.de\/wp-content\/uploads\/2026\/05\/IMG_5437-300x300.jpeg\" alt=\"\" width=\"300\" height=\"300\" srcset=\"https:\/\/www.spd-ortsverein-noerdliches-schwerte-holzen.de\/wp-content\/uploads\/2026\/05\/IMG_5437-300x300.jpeg 300w, https:\/\/www.spd-ortsverein-noerdliches-schwerte-holzen.de\/wp-content\/uploads\/2026\/05\/IMG_5437-1024x1024.jpeg 1024w, https:\/\/www.spd-ortsverein-noerdliches-schwerte-holzen.de\/wp-content\/uploads\/2026\/05\/IMG_5437-150x150.jpeg 150w, https:\/\/www.spd-ortsverein-noerdliches-schwerte-holzen.de\/wp-content\/uploads\/2026\/05\/IMG_5437-768x768.jpeg 768w, https:\/\/www.spd-ortsverein-noerdliches-schwerte-holzen.de\/wp-content\/uploads\/2026\/05\/IMG_5437-60x60.jpeg 60w, https:\/\/www.spd-ortsverein-noerdliches-schwerte-holzen.de\/wp-content\/uploads\/2026\/05\/IMG_5437.jpeg 1536w\" sizes=\"auto, (max-width: 300px) 100vw, 300px\" \/><\/a> <a href=\"https:\/\/www.spd-ortsverein-noerdliches-schwerte-holzen.de\/wp-content\/uploads\/2026\/05\/IMG_5440.jpeg\"><img loading=\"lazy\" decoding=\"async\" class=\"alignnone size-medium wp-image-11095\" src=\"https:\/\/www.spd-ortsverein-noerdliches-schwerte-holzen.de\/wp-content\/uploads\/2026\/05\/IMG_5440-300x300.jpeg\" alt=\"\" width=\"300\" height=\"300\" srcset=\"https:\/\/www.spd-ortsverein-noerdliches-schwerte-holzen.de\/wp-content\/uploads\/2026\/05\/IMG_5440-300x300.jpeg 300w, https:\/\/www.spd-ortsverein-noerdliches-schwerte-holzen.de\/wp-content\/uploads\/2026\/05\/IMG_5440-1024x1024.jpeg 1024w, https:\/\/www.spd-ortsverein-noerdliches-schwerte-holzen.de\/wp-content\/uploads\/2026\/05\/IMG_5440-150x150.jpeg 150w, https:\/\/www.spd-ortsverein-noerdliches-schwerte-holzen.de\/wp-content\/uploads\/2026\/05\/IMG_5440-768x768.jpeg 768w, https:\/\/www.spd-ortsverein-noerdliches-schwerte-holzen.de\/wp-content\/uploads\/2026\/05\/IMG_5440-1536x1536.jpeg 1536w, https:\/\/www.spd-ortsverein-noerdliches-schwerte-holzen.de\/wp-content\/uploads\/2026\/05\/IMG_5440-60x60.jpeg 60w, https:\/\/www.spd-ortsverein-noerdliches-schwerte-holzen.de\/wp-content\/uploads\/2026\/05\/IMG_5440.jpeg 2048w\" sizes=\"auto, (max-width: 300px) 100vw, 300px\" \/><\/a> <a href=\"https:\/\/www.spd-ortsverein-noerdliches-schwerte-holzen.de\/wp-content\/uploads\/2026\/05\/IMG_5439.jpeg\"><img loading=\"lazy\" decoding=\"async\" class=\"alignnone size-medium wp-image-11096\" src=\"https:\/\/www.spd-ortsverein-noerdliches-schwerte-holzen.de\/wp-content\/uploads\/2026\/05\/IMG_5439-300x300.jpeg\" alt=\"\" width=\"300\" height=\"300\" srcset=\"https:\/\/www.spd-ortsverein-noerdliches-schwerte-holzen.de\/wp-content\/uploads\/2026\/05\/IMG_5439-300x300.jpeg 300w, https:\/\/www.spd-ortsverein-noerdliches-schwerte-holzen.de\/wp-content\/uploads\/2026\/05\/IMG_5439-150x150.jpeg 150w, https:\/\/www.spd-ortsverein-noerdliches-schwerte-holzen.de\/wp-content\/uploads\/2026\/05\/IMG_5439-60x60.jpeg 60w, https:\/\/www.spd-ortsverein-noerdliches-schwerte-holzen.de\/wp-content\/uploads\/2026\/05\/IMG_5439.jpeg 720w\" sizes=\"auto, (max-width: 300px) 100vw, 300px\" \/><\/a> <a href=\"https:\/\/www.spd-ortsverein-noerdliches-schwerte-holzen.de\/wp-content\/uploads\/2026\/05\/IMG_5438.jpeg\"><img loading=\"lazy\" decoding=\"async\" class=\"alignnone size-medium wp-image-11097\" src=\"https:\/\/www.spd-ortsverein-noerdliches-schwerte-holzen.de\/wp-content\/uploads\/2026\/05\/IMG_5438-300x300.jpeg\" alt=\"\" width=\"300\" height=\"300\" srcset=\"https:\/\/www.spd-ortsverein-noerdliches-schwerte-holzen.de\/wp-content\/uploads\/2026\/05\/IMG_5438-300x300.jpeg 300w, https:\/\/www.spd-ortsverein-noerdliches-schwerte-holzen.de\/wp-content\/uploads\/2026\/05\/IMG_5438-150x150.jpeg 150w, https:\/\/www.spd-ortsverein-noerdliches-schwerte-holzen.de\/wp-content\/uploads\/2026\/05\/IMG_5438-60x60.jpeg 60w, https:\/\/www.spd-ortsverein-noerdliches-schwerte-holzen.de\/wp-content\/uploads\/2026\/05\/IMG_5438.jpeg 720w\" sizes=\"auto, (max-width: 300px) 100vw, 300px\" \/><\/a><\/p>\n","protected":false},"excerpt":{"rendered":"<p>Von Meike-Corina K\u00fchne-Schmithausen Am 30. April lud die SPD Schwerte zum Arbeitnehmerempfang in den Ahnensaal des ehemaligen Hoesch-Verwaltungsgeb\u00e4udes ein. Simon Lehmann-Hangebrock er\u00f6ffnete die Veranstaltung um 17:00 Uhr in den geschichtstr\u00e4chtigen R\u00e4umlichkeiten der heutigen Factory4. Nach einer kurzen Wartezeit zu Beginn wurde die Runde im weiteren Verlauf des Abends mit Kaltgetr\u00e4nken versorgt. Fokus auf das Grundrecht [&hellip;]<\/p>\n","protected":false},"author":3,"featured_media":11091,"comment_status":"closed","ping_status":"closed","sticky":false,"template":"","format":"standard","meta":{"footnotes":""},"categories":[1,3],"tags":[],"class_list":["post-11088","post","type-post","status-publish","format-standard","has-post-thumbnail","hentry","category-allgemein","category-leitartikel"],"_links":{"self":[{"href":"https:\/\/www.spd-ortsverein-noerdliches-schwerte-holzen.de\/index.php?rest_route=\/wp\/v2\/posts\/11088","targetHints":{"allow":["GET"]}}],"collection":[{"href":"https:\/\/www.spd-ortsverein-noerdliches-schwerte-holzen.de\/index.php?rest_route=\/wp\/v2\/posts"}],"about":[{"href":"https:\/\/www.spd-ortsverein-noerdliches-schwerte-holzen.de\/index.php?rest_route=\/wp\/v2\/types\/post"}],"author":[{"embeddable":true,"href":"https:\/\/www.spd-ortsverein-noerdliches-schwerte-holzen.de\/index.php?rest_route=\/wp\/v2\/users\/3"}],"replies":[{"embeddable":true,"href":"https:\/\/www.spd-ortsverein-noerdliches-schwerte-holzen.de\/index.php?rest_route=%2Fwp%2Fv2%2Fcomments&post=11088"}],"version-history":[{"count":3,"href":"https:\/\/www.spd-ortsverein-noerdliches-schwerte-holzen.de\/index.php?rest_route=\/wp\/v2\/posts\/11088\/revisions"}],"predecessor-version":[{"id":11098,"href":"https:\/\/www.spd-ortsverein-noerdliches-schwerte-holzen.de\/index.php?rest_route=\/wp\/v2\/posts\/11088\/revisions\/11098"}],"wp:featuredmedia":[{"embeddable":true,"href":"https:\/\/www.spd-ortsverein-noerdliches-schwerte-holzen.de\/index.php?rest_route=\/wp\/v2\/media\/11091"}],"wp:attachment":[{"href":"https:\/\/www.spd-ortsverein-noerdliches-schwerte-holzen.de\/index.php?rest_route=%2Fwp%2Fv2%2Fmedia&parent=11088"}],"wp:term":[{"taxonomy":"category","embeddable":true,"href":"https:\/\/www.spd-ortsverein-noerdliches-schwerte-holzen.de\/index.php?rest_route=%2Fwp%2Fv2%2Fcategories&post=11088"},{"taxonomy":"post_tag","embeddable":true,"href":"https:\/\/www.spd-ortsverein-noerdliches-schwerte-holzen.de\/index.php?rest_route=%2Fwp%2Fv2%2Ftags&post=11088"}],"curies":[{"name":"wp","href":"https:\/\/api.w.org\/{rel}","templated":true}]}}