{"id":11384,"date":"2026-09-01T18:20:44","date_gmt":"2026-09-01T16:20:44","guid":{"rendered":"https:\/\/www.spd-ortsverein-noerdliches-schwerte-holzen.de\/?p=11384"},"modified":"2026-09-01T18:20:44","modified_gmt":"2026-09-01T16:20:44","slug":"richtfest-fuer-die-neue-hauptamtliche-feuer-und-rettungswache-in-schwerte","status":"publish","type":"post","link":"https:\/\/www.spd-ortsverein-noerdliches-schwerte-holzen.de\/?p=11384","title":{"rendered":"Richtfest f\u00fcr die neue hauptamtliche Feuer- und Rettungswache in Schwerte"},"content":{"rendered":"<p>Richtfest f\u00fcr die neue hauptamtliche Feuer- und Rettungswache in Schwerte!<\/p>\n<p>Mit dem heutigen Richtfest ist ein wichtiger Meilenstein beim Neubau an der Konrad-Zuse-Stra\u00dfe erreicht. Es ist gut zu sehen, wie die neue Wache St\u00fcck f\u00fcr St\u00fcck Gestalt annimmt.<\/p>\n<p>Hier entstehen moderne R\u00e4ume, eine zeitgem\u00e4\u00dfe Ausstattung und die notwendige Infrastruktur f\u00fcr die Menschen, die jeden Tag f\u00fcr unsere Sicherheit im Einsatz sind.<\/p>\n<p>Eine gute und moderne Feuer- und Rettungswache ist deshalb vor allem eine Investition in die Sicherheit unserer Stadt \u2013 und in gute Arbeitsbedingungen f\u00fcr unsere Feuerwehrfrauen und Feuerwehrm\u00e4nner sowie die Mitarbeitenden im Rettungsdienst.<\/p>\n<p>Danke an alle, die an Planung und Bau beteiligt sind. Weiterhin einen guten und sicheren Bauverlauf! &#x1f692;&#x1f3d7;&#xfe0f;<\/p>\n<p><a href=\"https:\/\/www.spd-ortsverein-noerdliches-schwerte-holzen.de\/wp-content\/uploads\/2026\/09\/IMG_9908.jpeg\"><img loading=\"lazy\" decoding=\"async\" class=\"alignnone size-medium wp-image-11385\" src=\"https:\/\/www.spd-ortsverein-noerdliches-schwerte-holzen.de\/wp-content\/uploads\/2026\/09\/IMG_9908-225x300.jpeg\" alt=\"\" width=\"225\" height=\"300\" srcset=\"https:\/\/www.spd-ortsverein-noerdliches-schwerte-holzen.de\/wp-content\/uploads\/2026\/09\/IMG_9908-225x300.jpeg 225w, https:\/\/www.spd-ortsverein-noerdliches-schwerte-holzen.de\/wp-content\/uploads\/2026\/09\/IMG_9908-768x1024.jpeg 768w, https:\/\/www.spd-ortsverein-noerdliches-schwerte-holzen.de\/wp-content\/uploads\/2026\/09\/IMG_9908-1152x1536.jpeg 1152w, https:\/\/www.spd-ortsverein-noerdliches-schwerte-holzen.de\/wp-content\/uploads\/2026\/09\/IMG_9908.jpeg 1536w\" sizes=\"auto, (max-width: 225px) 100vw, 225px\" \/><\/a> <a href=\"https:\/\/www.spd-ortsverein-noerdliches-schwerte-holzen.de\/wp-content\/uploads\/2026\/09\/IMG_9909.jpeg\"><img loading=\"lazy\" decoding=\"async\" class=\"alignnone size-medium wp-image-11386\" src=\"https:\/\/www.spd-ortsverein-noerdliches-schwerte-holzen.de\/wp-content\/uploads\/2026\/09\/IMG_9909-225x300.jpeg\" alt=\"\" width=\"225\" height=\"300\" srcset=\"https:\/\/www.spd-ortsverein-noerdliches-schwerte-holzen.de\/wp-content\/uploads\/2026\/09\/IMG_9909-225x300.jpeg 225w, https:\/\/www.spd-ortsverein-noerdliches-schwerte-holzen.de\/wp-content\/uploads\/2026\/09\/IMG_9909-768x1024.jpeg 768w, https:\/\/www.spd-ortsverein-noerdliches-schwerte-holzen.de\/wp-content\/uploads\/2026\/09\/IMG_9909-1152x1536.jpeg 1152w, https:\/\/www.spd-ortsverein-noerdliches-schwerte-holzen.de\/wp-content\/uploads\/2026\/09\/IMG_9909.jpeg 1536w\" sizes=\"auto, (max-width: 225px) 100vw, 225px\" \/><\/a><\/p>\n","protected":false},"excerpt":{"rendered":"<p>Richtfest f\u00fcr die neue hauptamtliche Feuer- und Rettungswache in Schwerte! Mit dem heutigen Richtfest ist ein wichtiger Meilenstein beim Neubau an der Konrad-Zuse-Stra\u00dfe erreicht. Es ist gut zu sehen, wie die neue Wache St\u00fcck f\u00fcr St\u00fcck Gestalt annimmt. Hier entstehen moderne R\u00e4ume, eine zeitgem\u00e4\u00dfe Ausstattung und die notwendige Infrastruktur f\u00fcr die Menschen, die jeden Tag [&hellip;]<\/p>\n","protected":false},"author":3,"featured_media":0,"comment_status":"closed","ping_status":"closed","sticky":false,"template":"","format":"standard","meta":{"footnotes":""},"categories":[1,3],"tags":[],"class_list":["post-11384","post","type-post","status-publish","format-standard","hentry","category-allgemein","category-leitartikel"],"_links":{"self":[{"href":"https:\/\/www.spd-ortsverein-noerdliches-schwerte-holzen.de\/index.php?rest_route=\/wp\/v2\/posts\/11384","targetHints":{"allow":["GET"]}}],"collection":[{"href":"https:\/\/www.spd-ortsverein-noerdliches-schwerte-holzen.de\/index.php?rest_route=\/wp\/v2\/posts"}],"about":[{"href":"https:\/\/www.spd-ortsverein-noerdliches-schwerte-holzen.de\/index.php?rest_route=\/wp\/v2\/types\/post"}],"author":[{"embeddable":true,"href":"https:\/\/www.spd-ortsverein-noerdliches-schwerte-holzen.de\/index.php?rest_route=\/wp\/v2\/users\/3"}],"replies":[{"embeddable":true,"href":"https:\/\/www.spd-ortsverein-noerdliches-schwerte-holzen.de\/index.php?rest_route=%2Fwp%2Fv2%2Fcomments&post=11384"}],"version-history":[{"count":1,"href":"https:\/\/www.spd-ortsverein-noerdliches-schwerte-holzen.de\/index.php?rest_route=\/wp\/v2\/posts\/11384\/revisions"}],"predecessor-version":[{"id":11387,"href":"https:\/\/www.spd-ortsverein-noerdliches-schwerte-holzen.de\/index.php?rest_route=\/wp\/v2\/posts\/11384\/revisions\/11387"}],"wp:attachment":[{"href":"https:\/\/www.spd-ortsverein-noerdliches-schwerte-holzen.de\/index.php?rest_route=%2Fwp%2Fv2%2Fmedia&parent=11384"}],"wp:term":[{"taxonomy":"category","embeddable":true,"href":"https:\/\/www.spd-ortsverein-noerdliches-schwerte-holzen.de\/index.php?rest_route=%2Fwp%2Fv2%2Fcategories&post=11384"},{"taxonomy":"post_tag","embeddable":true,"href":"https:\/\/www.spd-ortsverein-noerdliches-schwerte-holzen.de\/index.php?rest_route=%2Fwp%2Fv2%2Ftags&post=11384"}],"curies":[{"name":"wp","href":"https:\/\/api.w.org\/{rel}","templated":true}]}}