{"id":6698,"date":"2023-03-18T17:00:34","date_gmt":"2023-03-18T16:00:34","guid":{"rendered":"https:\/\/www.spd-ortsverein-noerdliches-schwerte-holzen.de\/?p=6698"},"modified":"2023-03-18T19:38:03","modified_gmt":"2023-03-18T18:38:03","slug":"solidaritaet-mit-den-beschaeftigten","status":"publish","type":"post","link":"https:\/\/www.spd-ortsverein-noerdliches-schwerte-holzen.de\/?p=6698","title":{"rendered":"Solidarit\u00e4t mit den Besch\u00e4ftigten"},"content":{"rendered":"<p class=\"s3\"><strong><span class=\"s2\" style=\"color: #ff0000;\">Solidarit\u00e4t mit den Besch\u00e4ftigten<\/span><\/strong><\/p>\n<p class=\"s3\"><span class=\"s2\">Solidarit\u00e4t, Anerkennung und Respekt vor der Arbeitsleistung der Leistungstr\u00e4ger*innen unserer Gesellschaft sind wichtiger denn je.<br \/>\n<\/span><\/p>\n<p class=\"s3\"><span class=\"s2\">Derzeit laufen die Tarifverhandlung f\u00fcr den \u00f6ffentlichen Dienst: f\u00fcr die faire Entlohnung von Erzieher*innen oder auch f\u00fcr Busfahrer*innen und Zugbegleiter, f\u00fcr zahlreiche deutlich unterbezahlte Berufsgruppen. <\/span><\/p>\n<p class=\"s3\"><span class=\"s2\">Gleichzeitig blicken Arbeitnehmer*innen in der Privatwirtschaft sorgenvoll auf ihre Zukunft. <\/span><\/p>\n<p class=\"s3\"><span class=\"s2\">Von der Schlie\u00dfung der Filialen von Galeria Kaufhof und Karstadt in Hagen und Dortmund sind viele Schwerter Arbeitnehmerinnen und Arbeitnehmer betroffen. <\/span><\/p>\n<p class=\"s3\"><span class=\"s2\">Dringend n\u00f6tig ist, nach Meinung der SPD Schwerte, ein neuer, respektvoller Blick auf die Besch\u00e4ftig<\/span><span class=\"s2\">t<\/span><span class=\"s2\">en in Deutschland. <\/span><\/p>\n<p class=\"s3\">\u201eDie Arbeitnehmer*innen im \u00f6ffentlichen Dienst haben ein faires Tarifangebot verdient, so der SPD-Fraktionsvorsitzende Marc Seelbach.&nbsp;<\/p>\n<p class=\"s3\">\u201eGerade dort waren und sind die Besch\u00e4ftigten in den vergangenen Monaten mit Pandemie, Energiekrise und der Versorgung gefl\u00fcchteter Menschen mit besonderen Herausforderungen und Belastungen konfrontiert&nbsp;\u201eWas zum Beispiel die Erzieherinnen und ihre leider nurwenigen m\u00e4nnlichen Kollegen heutzutage leisten, steht in keinem Verh\u00e4ltnis zu ihrem Gehalt\u201c, so Seelbach.<\/p>\n<p class=\"s3\">Allein dieses Berufsfeld ist in den letzten Jahren zunehmend komplexer und anspruchsvoller geworden.<\/p>\n<p class=\"s3\">Der momentane Streik f\u00fcr eine bessere tarifliche Eingruppierung ist daher gerechtfertigt.<\/p>\n<p class=\"s3\">&nbsp;\u201eWer sich von fr\u00fch bis sp\u00e4t mit gr\u00f6\u00dftem<br \/>\nEngagement um unsere Kinder k\u00fcmmert, sie in den ersten Lebensjahren liebevoll begleitet,&nbsp;fr\u00fchkindliche Bildung f\u00f6rdert und dabei gro\u00dfe Verantwortung tr\u00e4gt, verdient nicht nur Applaus w\u00e4hrend der Pandemie, sondern auch eine faire Entlohnung.<\/p>\n<p class=\"s3\">Es handelt sich um eine hoch qualifizierte Arbeit und nicht um eine Hilfst\u00e4tigkeit.\u201c<\/p>\n<p class=\"s3\">Nur so l\u00e4sst sich auch der jetzt schon herrschende Personalmangel in diesem Arbeitsfeld bek\u00e4mpfen und eine tats\u00e4chliche Vereinbarkeit von Familie und Beruf f\u00fcr Frauen und M\u00e4nner gew\u00e4hrleisten.<\/p>\n<p class=\"s3\">Auch in den anderen Bereichen, wie z. B. dem \u00f6ffentlichen Nahverkehr, der schon heute stark unter einen Fachkr\u00e4ftemangel leidet, aber gleichzeitig in Zukunft eine noch wichtigere Rolle spielen soll, ist eine angemessene Bezahlung wichtig.<\/p>\n<p class=\"s3\">Gelingt es hier nicht die Arbeit attraktiver zu machen, sind die Verkehrswende und der Ausbau des \u00d6PNV gef\u00e4hrdet.<\/p>\n<p class=\"s3\"><strong><span class=\"s2\" style=\"color: #ff0000;\">Solidarit\u00e4t mit den Besch\u00e4ftigten von Galeria Kaufhof und Karstadt<\/span><\/strong><\/p>\n<p class=\"s3\">Die Entscheidung des Konzerns ist das Endergebnis eines kompletten Management-Versagens, das auch mit 680 Millionen Euro staatlicher Unterst\u00fctzung nicht geheilt werden konnte.<\/p>\n<p class=\"s3\">Allein in Dortmund gab es ausreichend Chancen und viele Anregungen aus dem Kreis der Arbeitnehmer*innen, um die Warenh\u00e4user neu aufzustellen. Jetzt verlieren 160 Menschen in Dortmund ihre Arbeit \u2013 allein, weil das Management nicht genug kriegen kann.<\/p>\n<p class=\"s3\">Die Zeche zahlen die Besch\u00e4ftigten, die zum Teil auch in Schwerte wohnen.<\/p>\n<p class=\"s5\"><span class=\"s4\"><span class=\"bumpedFont15\">Der Einzelhandel befindet sich seit vielen Jahren im Wandel. <\/span><\/span><\/p>\n<p class=\"s5\"><span class=\"s4\"><span class=\"bumpedFont15\">Es ist eigentlich die Aufgabe der Konzernleitung Standorte innovativ und zukunftsf\u00e4hig weiterzuentwickeln. <\/span><\/span><\/p>\n<p class=\"s5\"><span class=\"s4\"><span class=\"bumpedFont15\">Die Schlie\u00dfung von nun fast der H\u00e4lfte der Standorte zeigt, dass die Chefetage des Konzerns nicht \u00fcber ein Konzept f\u00fcr die Zukunftssicherung des Modells \u201eWarenhaus\u201c verf\u00fcgt und die Entwicklung im Einzelhandel seit Jahren verschlafen hat. <\/span><\/span><\/p>\n<p class=\"s5\"><span class=\"s4\"><span class=\"bumpedFont15\">Und nun m\u00fcssen wieder einmal die Besch\u00e4ftigten das absolute Versagen des Managements ausbaden.<\/span><\/span><\/p>\n<p class=\"s5\"><span class=\"s4\"><span class=\"bumpedFont15\">Wir stehen solidarisch an der Seite der Besch\u00e4ftigten, die nach oft langj\u00e4hriger engagierter T\u00e4tigkeit und der Bereitschaft f\u00fcr den Erhalt des Standorts hohe Einbu\u00dfen in Kauf zu nehmen, nun von ihrem Arbeitgeber in eine ungewisse Zukunft geschickt werden.<\/span><\/span><\/p>\n<p><a href=\"https:\/\/www.spd-ortsverein-noerdliches-schwerte-holzen.de\/wp-content\/uploads\/2023\/03\/57AF8E12-DB4B-43B8-B806-7646CF71CBD3.png\"><img loading=\"lazy\" decoding=\"async\" class=\"alignnone size-medium wp-image-6708\" src=\"https:\/\/www.spd-ortsverein-noerdliches-schwerte-holzen.de\/wp-content\/uploads\/2023\/03\/57AF8E12-DB4B-43B8-B806-7646CF71CBD3-300x300.png\" alt=\"\" width=\"300\" height=\"300\" srcset=\"https:\/\/www.spd-ortsverein-noerdliches-schwerte-holzen.de\/wp-content\/uploads\/2023\/03\/57AF8E12-DB4B-43B8-B806-7646CF71CBD3-300x300.png 300w, https:\/\/www.spd-ortsverein-noerdliches-schwerte-holzen.de\/wp-content\/uploads\/2023\/03\/57AF8E12-DB4B-43B8-B806-7646CF71CBD3-1024x1024.png 1024w, https:\/\/www.spd-ortsverein-noerdliches-schwerte-holzen.de\/wp-content\/uploads\/2023\/03\/57AF8E12-DB4B-43B8-B806-7646CF71CBD3-150x150.png 150w, https:\/\/www.spd-ortsverein-noerdliches-schwerte-holzen.de\/wp-content\/uploads\/2023\/03\/57AF8E12-DB4B-43B8-B806-7646CF71CBD3-768x768.png 768w, https:\/\/www.spd-ortsverein-noerdliches-schwerte-holzen.de\/wp-content\/uploads\/2023\/03\/57AF8E12-DB4B-43B8-B806-7646CF71CBD3-60x60.png 60w, https:\/\/www.spd-ortsverein-noerdliches-schwerte-holzen.de\/wp-content\/uploads\/2023\/03\/57AF8E12-DB4B-43B8-B806-7646CF71CBD3.png 1080w\" sizes=\"auto, (max-width: 300px) 100vw, 300px\" \/><\/a><\/p>\n<p>&nbsp;<\/p>\n<p>&nbsp;<\/p>\n","protected":false},"excerpt":{"rendered":"<p>Solidarit\u00e4t mit den Besch\u00e4ftigten Solidarit\u00e4t, Anerkennung und Respekt vor der Arbeitsleistung der Leistungstr\u00e4ger*innen unserer Gesellschaft sind wichtiger denn je. Derzeit laufen die Tarifverhandlung f\u00fcr den \u00f6ffentlichen Dienst: f\u00fcr die faire Entlohnung von Erzieher*innen oder auch f\u00fcr Busfahrer*innen und Zugbegleiter, f\u00fcr zahlreiche deutlich unterbezahlte Berufsgruppen. Gleichzeitig blicken Arbeitnehmer*innen in der Privatwirtschaft sorgenvoll auf ihre Zukunft. Von [&hellip;]<\/p>\n","protected":false},"author":3,"featured_media":6703,"comment_status":"closed","ping_status":"closed","sticky":false,"template":"","format":"standard","meta":{"footnotes":""},"categories":[1,3],"tags":[],"class_list":["post-6698","post","type-post","status-publish","format-standard","has-post-thumbnail","hentry","category-allgemein","category-leitartikel"],"_links":{"self":[{"href":"https:\/\/www.spd-ortsverein-noerdliches-schwerte-holzen.de\/index.php?rest_route=\/wp\/v2\/posts\/6698","targetHints":{"allow":["GET"]}}],"collection":[{"href":"https:\/\/www.spd-ortsverein-noerdliches-schwerte-holzen.de\/index.php?rest_route=\/wp\/v2\/posts"}],"about":[{"href":"https:\/\/www.spd-ortsverein-noerdliches-schwerte-holzen.de\/index.php?rest_route=\/wp\/v2\/types\/post"}],"author":[{"embeddable":true,"href":"https:\/\/www.spd-ortsverein-noerdliches-schwerte-holzen.de\/index.php?rest_route=\/wp\/v2\/users\/3"}],"replies":[{"embeddable":true,"href":"https:\/\/www.spd-ortsverein-noerdliches-schwerte-holzen.de\/index.php?rest_route=%2Fwp%2Fv2%2Fcomments&post=6698"}],"version-history":[{"count":5,"href":"https:\/\/www.spd-ortsverein-noerdliches-schwerte-holzen.de\/index.php?rest_route=\/wp\/v2\/posts\/6698\/revisions"}],"predecessor-version":[{"id":6709,"href":"https:\/\/www.spd-ortsverein-noerdliches-schwerte-holzen.de\/index.php?rest_route=\/wp\/v2\/posts\/6698\/revisions\/6709"}],"wp:featuredmedia":[{"embeddable":true,"href":"https:\/\/www.spd-ortsverein-noerdliches-schwerte-holzen.de\/index.php?rest_route=\/wp\/v2\/media\/6703"}],"wp:attachment":[{"href":"https:\/\/www.spd-ortsverein-noerdliches-schwerte-holzen.de\/index.php?rest_route=%2Fwp%2Fv2%2Fmedia&parent=6698"}],"wp:term":[{"taxonomy":"category","embeddable":true,"href":"https:\/\/www.spd-ortsverein-noerdliches-schwerte-holzen.de\/index.php?rest_route=%2Fwp%2Fv2%2Fcategories&post=6698"},{"taxonomy":"post_tag","embeddable":true,"href":"https:\/\/www.spd-ortsverein-noerdliches-schwerte-holzen.de\/index.php?rest_route=%2Fwp%2Fv2%2Ftags&post=6698"}],"curies":[{"name":"wp","href":"https:\/\/api.w.org\/{rel}","templated":true}]}}