{"id":6705,"date":"2023-03-18T17:45:44","date_gmt":"2023-03-18T16:45:44","guid":{"rendered":"https:\/\/www.spd-ortsverein-noerdliches-schwerte-holzen.de\/?p=6705"},"modified":"2023-03-18T17:45:44","modified_gmt":"2023-03-18T16:45:44","slug":"jusos-im-ruhrgebiet-vereinigt-euch","status":"publish","type":"post","link":"https:\/\/www.spd-ortsverein-noerdliches-schwerte-holzen.de\/?p=6705","title":{"rendered":"Jusos im Ruhrgebiet, vereinigt Euch"},"content":{"rendered":"<p><strong><span style=\"color: #ff0000;\">Jusos im Ruhrgebiet, vereinigt Euch!<\/span><\/strong><\/p>\n<p>Einstimmig haben wir heute beschlossen, die RuhrJusos als offiziellen Regionalverband mitzugr\u00fcnden und ihm beizutreten.<\/p>\n<p>B\u00fcrgermeisterin Sabina M\u00fcller, der Landrat des kreis-unna.de Mario L\u00f6hr, die Bundestagsabgeordneten Oliver Kaczmarek MdB und Michael Thews &#8211; MdB, der 1. Vizepr\u00e4sident Rainer Schmeltzer, Kreistagsfraktionschef Hartmut Ganzke, MdL und die neue Unterbezirksvorsitzende der SPD Kreis Unna, Martina F\u00f6rster-Teutenberg, wohnten der au\u00dferordentlichen Vollversamlung der Jusos im Kreis Unna bei.<\/p>\n<p>Passenderweise trafen wir uns in der Kulturschmiede Fr\u00f6ndenberg\/Ruhr &#8211; unweit der namensgebenden Ruhr auf der Fl\u00e4che der alten Papierfabrik Himmelmann, der heute ein Landschaftspark ist. Nebenan befindet sich das Westf\u00e4lische Kettenschmiedemuseum.<\/p>\n<p>Dar\u00fcber hinaus konnten wir uns \u00fcber Besuch von der Kordinationsgruppe der RuhrJusos freuen sowie \u00fcber Vertreterinnen und Vertreter der Jusos Kreis Recklinghausen, Jusos Waltrop, Jusos Hamm, Jusos M\u00fclheim an der Ruhr, Jusos Oberhausen und Jusos M\u00e4rkischer Kreis.<\/p>\n<p>Mit k\u00fchlen Getr\u00e4nken und hei\u00dfen Bratw\u00fcrsten haben wir anschlie\u00dfend offiziell die Grillsaison er\u00f6ffnet!<\/p>\n<p>Jusos Fr\u00f6ndenberg\/Ruhr, Jusos L\u00fcnen, Jusos Schwerte, Jusos Bergkamen, Jusos Kamen, Jusos B\u00f6nen, Jusos Holzwickede, Jusos Unna.<\/p>\n<p><a href=\"https:\/\/www.spd-ortsverein-noerdliches-schwerte-holzen.de\/wp-content\/uploads\/2023\/03\/28DEAB9B-631D-4D57-9B49-7C0A1B5B2180.jpeg\"><img loading=\"lazy\" decoding=\"async\" class=\"alignnone size-medium wp-image-6706\" src=\"https:\/\/www.spd-ortsverein-noerdliches-schwerte-holzen.de\/wp-content\/uploads\/2023\/03\/28DEAB9B-631D-4D57-9B49-7C0A1B5B2180-300x243.jpeg\" alt=\"\" width=\"300\" height=\"243\" srcset=\"https:\/\/www.spd-ortsverein-noerdliches-schwerte-holzen.de\/wp-content\/uploads\/2023\/03\/28DEAB9B-631D-4D57-9B49-7C0A1B5B2180-300x243.jpeg 300w, https:\/\/www.spd-ortsverein-noerdliches-schwerte-holzen.de\/wp-content\/uploads\/2023\/03\/28DEAB9B-631D-4D57-9B49-7C0A1B5B2180-1024x829.jpeg 1024w, https:\/\/www.spd-ortsverein-noerdliches-schwerte-holzen.de\/wp-content\/uploads\/2023\/03\/28DEAB9B-631D-4D57-9B49-7C0A1B5B2180-768x622.jpeg 768w, https:\/\/www.spd-ortsverein-noerdliches-schwerte-holzen.de\/wp-content\/uploads\/2023\/03\/28DEAB9B-631D-4D57-9B49-7C0A1B5B2180.jpeg 1317w\" sizes=\"auto, (max-width: 300px) 100vw, 300px\" \/><\/a><\/p>\n","protected":false},"excerpt":{"rendered":"<p>Jusos im Ruhrgebiet, vereinigt Euch! Einstimmig haben wir heute beschlossen, die RuhrJusos als offiziellen Regionalverband mitzugr\u00fcnden und ihm beizutreten. B\u00fcrgermeisterin Sabina M\u00fcller, der Landrat des kreis-unna.de Mario L\u00f6hr, die Bundestagsabgeordneten Oliver Kaczmarek MdB und Michael Thews &#8211; MdB, der 1. Vizepr\u00e4sident Rainer Schmeltzer, Kreistagsfraktionschef Hartmut Ganzke, MdL und die neue Unterbezirksvorsitzende der SPD Kreis Unna, [&hellip;]<\/p>\n","protected":false},"author":3,"featured_media":6706,"comment_status":"closed","ping_status":"closed","sticky":false,"template":"","format":"standard","meta":{"footnotes":""},"categories":[1,3],"tags":[],"class_list":["post-6705","post","type-post","status-publish","format-standard","has-post-thumbnail","hentry","category-allgemein","category-leitartikel"],"_links":{"self":[{"href":"https:\/\/www.spd-ortsverein-noerdliches-schwerte-holzen.de\/index.php?rest_route=\/wp\/v2\/posts\/6705","targetHints":{"allow":["GET"]}}],"collection":[{"href":"https:\/\/www.spd-ortsverein-noerdliches-schwerte-holzen.de\/index.php?rest_route=\/wp\/v2\/posts"}],"about":[{"href":"https:\/\/www.spd-ortsverein-noerdliches-schwerte-holzen.de\/index.php?rest_route=\/wp\/v2\/types\/post"}],"author":[{"embeddable":true,"href":"https:\/\/www.spd-ortsverein-noerdliches-schwerte-holzen.de\/index.php?rest_route=\/wp\/v2\/users\/3"}],"replies":[{"embeddable":true,"href":"https:\/\/www.spd-ortsverein-noerdliches-schwerte-holzen.de\/index.php?rest_route=%2Fwp%2Fv2%2Fcomments&post=6705"}],"version-history":[{"count":1,"href":"https:\/\/www.spd-ortsverein-noerdliches-schwerte-holzen.de\/index.php?rest_route=\/wp\/v2\/posts\/6705\/revisions"}],"predecessor-version":[{"id":6707,"href":"https:\/\/www.spd-ortsverein-noerdliches-schwerte-holzen.de\/index.php?rest_route=\/wp\/v2\/posts\/6705\/revisions\/6707"}],"wp:featuredmedia":[{"embeddable":true,"href":"https:\/\/www.spd-ortsverein-noerdliches-schwerte-holzen.de\/index.php?rest_route=\/wp\/v2\/media\/6706"}],"wp:attachment":[{"href":"https:\/\/www.spd-ortsverein-noerdliches-schwerte-holzen.de\/index.php?rest_route=%2Fwp%2Fv2%2Fmedia&parent=6705"}],"wp:term":[{"taxonomy":"category","embeddable":true,"href":"https:\/\/www.spd-ortsverein-noerdliches-schwerte-holzen.de\/index.php?rest_route=%2Fwp%2Fv2%2Fcategories&post=6705"},{"taxonomy":"post_tag","embeddable":true,"href":"https:\/\/www.spd-ortsverein-noerdliches-schwerte-holzen.de\/index.php?rest_route=%2Fwp%2Fv2%2Ftags&post=6705"}],"curies":[{"name":"wp","href":"https:\/\/api.w.org\/{rel}","templated":true}]}}