{"id":6804,"date":"2023-04-06T17:06:39","date_gmt":"2023-04-06T15:06:39","guid":{"rendered":"https:\/\/www.spd-ortsverein-noerdliches-schwerte-holzen.de\/?p=6804"},"modified":"2023-04-07T17:22:27","modified_gmt":"2023-04-07T15:22:27","slug":"frohes-osterfest","status":"publish","type":"post","link":"https:\/\/www.spd-ortsverein-noerdliches-schwerte-holzen.de\/?p=6804","title":{"rendered":"Frohes Osterfest"},"content":{"rendered":"<p>Sch\u00f6ne Osterfeiertage &#x1f423; &#x1f430;&#x1f337;&#x1faba;&#x1f308;<\/p>\n<p>Am Karsamstag, den 08.04.2023 haben wir unseren Stand in der Innenstadt gegen\u00fcber von B\u00fccher Bachmann (M\u00e4hrstra\u00dfe 15).&nbsp;<\/p>\n<p>Von 9.00 Uhr bis 12.00 Uhr sind wir vor Ort.<\/p>\n<p>Die Wettervorhersage zeigt keinen Regen &#x2600;&#xfe0f;.<\/p>\n","protected":false},"excerpt":{"rendered":"<p>Sch\u00f6ne Osterfeiertage &#x1f423; &#x1f430;&#x1f337;&#x1faba;&#x1f308; Am Karsamstag, den 08.04.2023 haben wir unseren Stand in der Innenstadt gegen\u00fcber von B\u00fccher Bachmann (M\u00e4hrstra\u00dfe 15).&nbsp; Von 9.00 Uhr bis 12.00 Uhr sind wir vor Ort. Die Wettervorhersage zeigt keinen Regen &#x2600;&#xfe0f;.<\/p>\n","protected":false},"author":3,"featured_media":6805,"comment_status":"closed","ping_status":"closed","sticky":false,"template":"","format":"standard","meta":{"footnotes":""},"categories":[1,3],"tags":[],"class_list":["post-6804","post","type-post","status-publish","format-standard","has-post-thumbnail","hentry","category-allgemein","category-leitartikel"],"_links":{"self":[{"href":"https:\/\/www.spd-ortsverein-noerdliches-schwerte-holzen.de\/index.php?rest_route=\/wp\/v2\/posts\/6804","targetHints":{"allow":["GET"]}}],"collection":[{"href":"https:\/\/www.spd-ortsverein-noerdliches-schwerte-holzen.de\/index.php?rest_route=\/wp\/v2\/posts"}],"about":[{"href":"https:\/\/www.spd-ortsverein-noerdliches-schwerte-holzen.de\/index.php?rest_route=\/wp\/v2\/types\/post"}],"author":[{"embeddable":true,"href":"https:\/\/www.spd-ortsverein-noerdliches-schwerte-holzen.de\/index.php?rest_route=\/wp\/v2\/users\/3"}],"replies":[{"embeddable":true,"href":"https:\/\/www.spd-ortsverein-noerdliches-schwerte-holzen.de\/index.php?rest_route=%2Fwp%2Fv2%2Fcomments&post=6804"}],"version-history":[{"count":5,"href":"https:\/\/www.spd-ortsverein-noerdliches-schwerte-holzen.de\/index.php?rest_route=\/wp\/v2\/posts\/6804\/revisions"}],"predecessor-version":[{"id":6810,"href":"https:\/\/www.spd-ortsverein-noerdliches-schwerte-holzen.de\/index.php?rest_route=\/wp\/v2\/posts\/6804\/revisions\/6810"}],"wp:featuredmedia":[{"embeddable":true,"href":"https:\/\/www.spd-ortsverein-noerdliches-schwerte-holzen.de\/index.php?rest_route=\/wp\/v2\/media\/6805"}],"wp:attachment":[{"href":"https:\/\/www.spd-ortsverein-noerdliches-schwerte-holzen.de\/index.php?rest_route=%2Fwp%2Fv2%2Fmedia&parent=6804"}],"wp:term":[{"taxonomy":"category","embeddable":true,"href":"https:\/\/www.spd-ortsverein-noerdliches-schwerte-holzen.de\/index.php?rest_route=%2Fwp%2Fv2%2Fcategories&post=6804"},{"taxonomy":"post_tag","embeddable":true,"href":"https:\/\/www.spd-ortsverein-noerdliches-schwerte-holzen.de\/index.php?rest_route=%2Fwp%2Fv2%2Ftags&post=6804"}],"curies":[{"name":"wp","href":"https:\/\/api.w.org\/{rel}","templated":true}]}}