{"id":6811,"date":"2023-04-07T17:21:55","date_gmt":"2023-04-07T15:21:55","guid":{"rendered":"https:\/\/www.spd-ortsverein-noerdliches-schwerte-holzen.de\/?p=6811"},"modified":"2023-04-07T17:21:55","modified_gmt":"2023-04-07T15:21:55","slug":"die-ag60plus-sitzung-am-vergangenen-mittwoch","status":"publish","type":"post","link":"https:\/\/www.spd-ortsverein-noerdliches-schwerte-holzen.de\/?p=6811","title":{"rendered":"Die AG60plus Sitzung am vergangenen Mittwoch"},"content":{"rendered":"<p>Knapp 40 Anwesende h\u00f6rten am vergangenen Mittwoch den kurzweiligen Vortrag von Kriminaloberkommissar Herrn Cegit zum Thema \u201eSicherheit im Alltag \u2013 Sicherheit f\u00fcr Senioren\u201c.<\/p>\n<p>Nach gut eineinhalb Stunden war die Pr\u00e4sentation zu Ende und zahlreiche Fragen waren zur vollen Zufriedenheit der Besucher beantwortet worden.<\/p>\n<p>Vom gr\u00f6\u00dften Teil der Teilnehmer wurde eine weitere Veranstaltung zu dem Thema gew\u00fcnscht.<\/p>\n<p>Im Herbst diesen Jahres wird die \u201eSPD-AG 60 plus\u201c deshalb noch einmal das Thema aufgreifen. In dem Vortrag, ebenfalls von Kriminaloberkommissar Herrn Cegit, werden andere Facetten der Kriminalit\u00e4t besprochen werden und es werden tiefer gehende Informationen gegeben werden.<\/p>\n<p>Auch in der kommenden Veranstaltung zu dem Thema werden die Besucher wieder interessantes beziehungsweise anschauliches Informationsmaterial mitnehmen k\u00f6nnen.<\/p>\n<p>Der stellvertretende Vorsitzende der \u201eAG 60 plus\u201c Rolf von L\u00fcnen geht davon aus, dass im Herbst die Teilnehmerzahl noch h\u00f6her sein wird als am vergangenen Mittwoch.<\/p>\n","protected":false},"excerpt":{"rendered":"<p>Knapp 40 Anwesende h\u00f6rten am vergangenen Mittwoch den kurzweiligen Vortrag von Kriminaloberkommissar Herrn Cegit zum Thema \u201eSicherheit im Alltag \u2013 Sicherheit f\u00fcr Senioren\u201c. Nach gut eineinhalb Stunden war die Pr\u00e4sentation zu Ende und zahlreiche Fragen waren zur vollen Zufriedenheit der Besucher beantwortet worden. Vom gr\u00f6\u00dften Teil der Teilnehmer wurde eine weitere Veranstaltung zu dem Thema [&hellip;]<\/p>\n","protected":false},"author":3,"featured_media":6812,"comment_status":"closed","ping_status":"closed","sticky":false,"template":"","format":"standard","meta":{"footnotes":""},"categories":[1,3],"tags":[],"class_list":["post-6811","post","type-post","status-publish","format-standard","has-post-thumbnail","hentry","category-allgemein","category-leitartikel"],"_links":{"self":[{"href":"https:\/\/www.spd-ortsverein-noerdliches-schwerte-holzen.de\/index.php?rest_route=\/wp\/v2\/posts\/6811","targetHints":{"allow":["GET"]}}],"collection":[{"href":"https:\/\/www.spd-ortsverein-noerdliches-schwerte-holzen.de\/index.php?rest_route=\/wp\/v2\/posts"}],"about":[{"href":"https:\/\/www.spd-ortsverein-noerdliches-schwerte-holzen.de\/index.php?rest_route=\/wp\/v2\/types\/post"}],"author":[{"embeddable":true,"href":"https:\/\/www.spd-ortsverein-noerdliches-schwerte-holzen.de\/index.php?rest_route=\/wp\/v2\/users\/3"}],"replies":[{"embeddable":true,"href":"https:\/\/www.spd-ortsverein-noerdliches-schwerte-holzen.de\/index.php?rest_route=%2Fwp%2Fv2%2Fcomments&post=6811"}],"version-history":[{"count":1,"href":"https:\/\/www.spd-ortsverein-noerdliches-schwerte-holzen.de\/index.php?rest_route=\/wp\/v2\/posts\/6811\/revisions"}],"predecessor-version":[{"id":6813,"href":"https:\/\/www.spd-ortsverein-noerdliches-schwerte-holzen.de\/index.php?rest_route=\/wp\/v2\/posts\/6811\/revisions\/6813"}],"wp:featuredmedia":[{"embeddable":true,"href":"https:\/\/www.spd-ortsverein-noerdliches-schwerte-holzen.de\/index.php?rest_route=\/wp\/v2\/media\/6812"}],"wp:attachment":[{"href":"https:\/\/www.spd-ortsverein-noerdliches-schwerte-holzen.de\/index.php?rest_route=%2Fwp%2Fv2%2Fmedia&parent=6811"}],"wp:term":[{"taxonomy":"category","embeddable":true,"href":"https:\/\/www.spd-ortsverein-noerdliches-schwerte-holzen.de\/index.php?rest_route=%2Fwp%2Fv2%2Fcategories&post=6811"},{"taxonomy":"post_tag","embeddable":true,"href":"https:\/\/www.spd-ortsverein-noerdliches-schwerte-holzen.de\/index.php?rest_route=%2Fwp%2Fv2%2Ftags&post=6811"}],"curies":[{"name":"wp","href":"https:\/\/api.w.org\/{rel}","templated":true}]}}