{"id":6826,"date":"2023-04-12T19:37:33","date_gmt":"2023-04-12T17:37:33","guid":{"rendered":"https:\/\/www.spd-ortsverein-noerdliches-schwerte-holzen.de\/?p=6826"},"modified":"2023-04-12T19:37:33","modified_gmt":"2023-04-12T17:37:33","slug":"staffelstabuebergabe-in-der-jva","status":"publish","type":"post","link":"https:\/\/www.spd-ortsverein-noerdliches-schwerte-holzen.de\/?p=6826","title":{"rendered":"Staffelstab\u00fcbergabe in der JVA!"},"content":{"rendered":"<p><span style=\"color: #ff0000;\"><strong>Staffelstab\u00fcbergabe in der JVA!<\/strong><\/span><\/p>\n<p>Vielen Dank Gabriele Harms, herzlich willkommen Petra Dohrmann!<\/p>\n<p>Im Rahmen der feierlichen Amts\u00fcbergabe wurde die langj\u00e4hrige Leiterin der Justizvollzugsanstalt Gabriele Harms in den verdienten Ruhestand verabschiedet und Petra Dohrmann als neue Leiterin der JVA vom Justizminister des Landes Nordrhein-Westfalen Herrn Dr. Benjamin Limbach ernannt.<\/p>\n<p>B\u00fcrgermeister Dimitrios Axourgos hielt ein Gru\u00dfwort und w\u00fcrdigte insbesondere das Engagement der 200 Besch\u00e4ftigten in der JVA.<\/p>\n<p>Ohne sie k\u00f6nne die JVA ihre wichtige Funktion in der Gesellschaft nicht wahrnehmen.<\/p>\n<p>Zu den Gratulanten geh\u00f6rten unser Fraktionsvorsitzender Marc Seelbach, unser Landtagsabgeordneter Hartmut Ganzke und Sigrid Reis als Mitglied im Beirat der JVA.<\/p>\n","protected":false},"excerpt":{"rendered":"<p>Staffelstab\u00fcbergabe in der JVA! Vielen Dank Gabriele Harms, herzlich willkommen Petra Dohrmann! Im Rahmen der feierlichen Amts\u00fcbergabe wurde die langj\u00e4hrige Leiterin der Justizvollzugsanstalt Gabriele Harms in den verdienten Ruhestand verabschiedet und Petra Dohrmann als neue Leiterin der JVA vom Justizminister des Landes Nordrhein-Westfalen Herrn Dr. Benjamin Limbach ernannt. B\u00fcrgermeister Dimitrios Axourgos hielt ein Gru\u00dfwort und [&hellip;]<\/p>\n","protected":false},"author":3,"featured_media":6827,"comment_status":"closed","ping_status":"closed","sticky":false,"template":"","format":"standard","meta":{"footnotes":""},"categories":[1,3],"tags":[],"class_list":["post-6826","post","type-post","status-publish","format-standard","has-post-thumbnail","hentry","category-allgemein","category-leitartikel"],"_links":{"self":[{"href":"https:\/\/www.spd-ortsverein-noerdliches-schwerte-holzen.de\/index.php?rest_route=\/wp\/v2\/posts\/6826","targetHints":{"allow":["GET"]}}],"collection":[{"href":"https:\/\/www.spd-ortsverein-noerdliches-schwerte-holzen.de\/index.php?rest_route=\/wp\/v2\/posts"}],"about":[{"href":"https:\/\/www.spd-ortsverein-noerdliches-schwerte-holzen.de\/index.php?rest_route=\/wp\/v2\/types\/post"}],"author":[{"embeddable":true,"href":"https:\/\/www.spd-ortsverein-noerdliches-schwerte-holzen.de\/index.php?rest_route=\/wp\/v2\/users\/3"}],"replies":[{"embeddable":true,"href":"https:\/\/www.spd-ortsverein-noerdliches-schwerte-holzen.de\/index.php?rest_route=%2Fwp%2Fv2%2Fcomments&post=6826"}],"version-history":[{"count":1,"href":"https:\/\/www.spd-ortsverein-noerdliches-schwerte-holzen.de\/index.php?rest_route=\/wp\/v2\/posts\/6826\/revisions"}],"predecessor-version":[{"id":6828,"href":"https:\/\/www.spd-ortsverein-noerdliches-schwerte-holzen.de\/index.php?rest_route=\/wp\/v2\/posts\/6826\/revisions\/6828"}],"wp:featuredmedia":[{"embeddable":true,"href":"https:\/\/www.spd-ortsverein-noerdliches-schwerte-holzen.de\/index.php?rest_route=\/wp\/v2\/media\/6827"}],"wp:attachment":[{"href":"https:\/\/www.spd-ortsverein-noerdliches-schwerte-holzen.de\/index.php?rest_route=%2Fwp%2Fv2%2Fmedia&parent=6826"}],"wp:term":[{"taxonomy":"category","embeddable":true,"href":"https:\/\/www.spd-ortsverein-noerdliches-schwerte-holzen.de\/index.php?rest_route=%2Fwp%2Fv2%2Fcategories&post=6826"},{"taxonomy":"post_tag","embeddable":true,"href":"https:\/\/www.spd-ortsverein-noerdliches-schwerte-holzen.de\/index.php?rest_route=%2Fwp%2Fv2%2Ftags&post=6826"}],"curies":[{"name":"wp","href":"https:\/\/api.w.org\/{rel}","templated":true}]}}