{"id":6833,"date":"2023-04-16T13:42:11","date_gmt":"2023-04-16T11:42:11","guid":{"rendered":"https:\/\/www.spd-ortsverein-noerdliches-schwerte-holzen.de\/?p=6833"},"modified":"2023-04-16T14:05:36","modified_gmt":"2023-04-16T12:05:36","slug":"wir-fordern-30-verbindliche-mindestquote-fuer-oeffentlich-gefoerderte-wohnungen-in-schwerte","status":"publish","type":"post","link":"https:\/\/www.spd-ortsverein-noerdliches-schwerte-holzen.de\/?p=6833","title":{"rendered":"Wir fordern 30 % verbindliche Mindestquote f\u00fcr \u00f6ffentlich gef\u00f6rderte Wohnungen in Schwerte"},"content":{"rendered":"<p><span style=\"color: #ff0000;\"><strong>Preiswerten Wohnraum zum stadtweiten Ziel machen!<\/strong><\/span><\/p>\n<p><strong><span style=\"color: #ff0000;\">Wir fordern 30 % verbindliche Mindestquote f\u00fcr \u00f6ffentlich gef\u00f6rderte Wohnungen in Schwerte<\/span><\/strong><\/p>\n<p>Die SPD-Fraktion im Rat der Stadt Schwerte hat sich in den letzten Jahren immer wieder f\u00fcr eine Quote von mindestens 30 % \u00f6ffentlich gef\u00f6rderter Wohnungen bei Neubauprojekten ausgesprochen. Zwar war es unter den demokratischen Parteien immer mal wieder gemeinsamer Nenner, preiswerten Wohnraum zu schaffen, aber das scharfe Schwert der Bauleitplanung wurde daf\u00fcr nie verbindlich verwendet.<\/p>\n<p>Das m\u00f6chten wir \u00e4ndern.<\/p>\n<p>Schwerte ist eine der wenigen St\u00e4dte, die bislang auf eine verbindliche Quotenfestlegung f\u00fcr sogenannte \u201eSozialwohnungen\u201c im Rahmen der Bauleitplanung verzichtet. Das ist inakzeptabel, zumal sich die Zahl der Wohnungen, die aus der Sozialbindung herausfallen, immer weiter erh\u00f6ht.<\/p>\n<p>Erst k\u00fcrzlich stellten das Wohnungsmarktbarometer 2022 der NRW.Bank und das Handlungskonzept Wohnen der Stadt Schwerte fest, dass es in den Kommunen vor allem an preiswertem Wohnraum fehlt.<\/p>\n<p>\u201eAktive Stadtentwicklungspolitik und \u00f6ffentlich gef\u00f6rderter Wohnungsbau m\u00fcssen in unserer Stadt ein gesamtgesellschaftliches Anliegen sein und zusammen gedacht werden\u201c, betont der SPD-Fraktionsvorsitzende Marc Seelbach.<\/p>\n<p>Aus diesem Grund stellt die SPD-Fraktion in der n\u00e4chsten Sitzung des Planungsausschusses einen Antrag zur Schaffung von preiswertem Wohnraum und Festlegung einer Sozialquote zur Diskussion.<\/p>\n<p>Unser Ziel: Wir wollen Schwerte als attraktiven Wohnort f\u00fcr alle Bev\u00f6lkerungs- und Altersgruppen weiterentwickeln.<\/p>\n","protected":false},"excerpt":{"rendered":"<p>Preiswerten Wohnraum zum stadtweiten Ziel machen! Wir fordern 30 % verbindliche Mindestquote f\u00fcr \u00f6ffentlich gef\u00f6rderte Wohnungen in Schwerte Die SPD-Fraktion im Rat der Stadt Schwerte hat sich in den letzten Jahren immer wieder f\u00fcr eine Quote von mindestens 30 % \u00f6ffentlich gef\u00f6rderter Wohnungen bei Neubauprojekten ausgesprochen. Zwar war es unter den demokratischen Parteien immer mal [&hellip;]<\/p>\n","protected":false},"author":3,"featured_media":6693,"comment_status":"closed","ping_status":"closed","sticky":false,"template":"","format":"standard","meta":{"footnotes":""},"categories":[1,3],"tags":[],"class_list":["post-6833","post","type-post","status-publish","format-standard","has-post-thumbnail","hentry","category-allgemein","category-leitartikel"],"_links":{"self":[{"href":"https:\/\/www.spd-ortsverein-noerdliches-schwerte-holzen.de\/index.php?rest_route=\/wp\/v2\/posts\/6833","targetHints":{"allow":["GET"]}}],"collection":[{"href":"https:\/\/www.spd-ortsverein-noerdliches-schwerte-holzen.de\/index.php?rest_route=\/wp\/v2\/posts"}],"about":[{"href":"https:\/\/www.spd-ortsverein-noerdliches-schwerte-holzen.de\/index.php?rest_route=\/wp\/v2\/types\/post"}],"author":[{"embeddable":true,"href":"https:\/\/www.spd-ortsverein-noerdliches-schwerte-holzen.de\/index.php?rest_route=\/wp\/v2\/users\/3"}],"replies":[{"embeddable":true,"href":"https:\/\/www.spd-ortsverein-noerdliches-schwerte-holzen.de\/index.php?rest_route=%2Fwp%2Fv2%2Fcomments&post=6833"}],"version-history":[{"count":1,"href":"https:\/\/www.spd-ortsverein-noerdliches-schwerte-holzen.de\/index.php?rest_route=\/wp\/v2\/posts\/6833\/revisions"}],"predecessor-version":[{"id":6834,"href":"https:\/\/www.spd-ortsverein-noerdliches-schwerte-holzen.de\/index.php?rest_route=\/wp\/v2\/posts\/6833\/revisions\/6834"}],"wp:featuredmedia":[{"embeddable":true,"href":"https:\/\/www.spd-ortsverein-noerdliches-schwerte-holzen.de\/index.php?rest_route=\/wp\/v2\/media\/6693"}],"wp:attachment":[{"href":"https:\/\/www.spd-ortsverein-noerdliches-schwerte-holzen.de\/index.php?rest_route=%2Fwp%2Fv2%2Fmedia&parent=6833"}],"wp:term":[{"taxonomy":"category","embeddable":true,"href":"https:\/\/www.spd-ortsverein-noerdliches-schwerte-holzen.de\/index.php?rest_route=%2Fwp%2Fv2%2Fcategories&post=6833"},{"taxonomy":"post_tag","embeddable":true,"href":"https:\/\/www.spd-ortsverein-noerdliches-schwerte-holzen.de\/index.php?rest_route=%2Fwp%2Fv2%2Ftags&post=6833"}],"curies":[{"name":"wp","href":"https:\/\/api.w.org\/{rel}","templated":true}]}}