{"id":6842,"date":"2023-04-21T16:10:15","date_gmt":"2023-04-21T14:10:15","guid":{"rendered":"https:\/\/www.spd-ortsverein-noerdliches-schwerte-holzen.de\/?p=6842"},"modified":"2023-04-21T16:10:15","modified_gmt":"2023-04-21T14:10:15","slug":"europa-stele-traegt-jetzt-auch-das-wappen-der-stadt-ioannina","status":"publish","type":"post","link":"https:\/\/www.spd-ortsverein-noerdliches-schwerte-holzen.de\/?p=6842","title":{"rendered":"EUROPA-STELE TR\u00c4GT JETZT AUCH DAS WAPPEN DER STADT IOANNINA"},"content":{"rendered":"<div class=\"\"><strong><span style=\"color: #ff0000;\">EUROPA-STELE TR\u00c4GT JETZT AUCH DAS WAPPEN DER STADT IOANNINA<\/span><\/strong><\/div>\n<div class=\"\">&nbsp;<\/div>\n<div class=\"\">Heute hat unser B\u00fcrgermeister Dimitrios Axourgos gemeinsam mit unserem Freund und Fotografen Emilios Neos und dem Vorsitzenden der St\u00e4dtepartnerschaftsgesellschaft Herbert Sobiech das Wappen unserer neuen Partnerstadt Ioannina (Griechenland) an der Europa-Stele im Generationenwald enth\u00fcllt.<\/div>\n<div class=\"\">&nbsp;<\/div>\n<div class=\"\">Partnerschaften sind der kommunale Beitrag zu einem Europa des Friedens. Wir freuen uns, dass dieser Haltung der n\u00e4chste Schritt gefolgt ist. Herzlichen Dank an alle Beteiligten!&nbsp;<\/div>\n<div class=\"\"><span class=\"\"><b class=\"\"><br \/>\n<span style=\"color: #ff0000;\">SPD<\/span><\/b><\/span><span style=\"color: #ff0000;\"><b class=\"\"> <\/b><span class=\"\"><b class=\"\">Ortsverein&nbsp;<\/b><\/span><b class=\"\">N\u00f6rdliches Schwerte und Holzen<\/b><\/span><\/p>\n<div class=\"\">\n<div class=\"\" dir=\"auto\">\n<div class=\"\" dir=\"auto\">\n<div class=\"\" dir=\"auto\">\n<p><a href=\"https:\/\/www.spd-ortsverein-noerdliches-schwerte-holzen.de\/wp-content\/uploads\/2023\/04\/9de25ee0-0dcb-4c4d-8a32-6ee485277f52.jpeg\"><img loading=\"lazy\" decoding=\"async\" class=\"alignnone size-medium wp-image-6843\" src=\"https:\/\/www.spd-ortsverein-noerdliches-schwerte-holzen.de\/wp-content\/uploads\/2023\/04\/9de25ee0-0dcb-4c4d-8a32-6ee485277f52-222x300.jpeg\" alt=\"\" width=\"222\" height=\"300\" srcset=\"https:\/\/www.spd-ortsverein-noerdliches-schwerte-holzen.de\/wp-content\/uploads\/2023\/04\/9de25ee0-0dcb-4c4d-8a32-6ee485277f52-222x300.jpeg 222w, https:\/\/www.spd-ortsverein-noerdliches-schwerte-holzen.de\/wp-content\/uploads\/2023\/04\/9de25ee0-0dcb-4c4d-8a32-6ee485277f52.jpeg 757w\" sizes=\"auto, (max-width: 222px) 100vw, 222px\" \/><\/a> <a href=\"https:\/\/www.spd-ortsverein-noerdliches-schwerte-holzen.de\/wp-content\/uploads\/2023\/04\/2a682d0c-c207-4f34-be02-8992ba6337f1.jpeg\"><img loading=\"lazy\" decoding=\"async\" class=\"alignnone size-medium wp-image-6844\" src=\"https:\/\/www.spd-ortsverein-noerdliches-schwerte-holzen.de\/wp-content\/uploads\/2023\/04\/2a682d0c-c207-4f34-be02-8992ba6337f1-300x225.jpeg\" alt=\"\" width=\"300\" height=\"225\" srcset=\"https:\/\/www.spd-ortsverein-noerdliches-schwerte-holzen.de\/wp-content\/uploads\/2023\/04\/2a682d0c-c207-4f34-be02-8992ba6337f1-300x225.jpeg 300w, https:\/\/www.spd-ortsverein-noerdliches-schwerte-holzen.de\/wp-content\/uploads\/2023\/04\/2a682d0c-c207-4f34-be02-8992ba6337f1-768x576.jpeg 768w, https:\/\/www.spd-ortsverein-noerdliches-schwerte-holzen.de\/wp-content\/uploads\/2023\/04\/2a682d0c-c207-4f34-be02-8992ba6337f1.jpeg 1024w\" sizes=\"auto, (max-width: 300px) 100vw, 300px\" \/><\/a> <a href=\"https:\/\/www.spd-ortsverein-noerdliches-schwerte-holzen.de\/wp-content\/uploads\/2023\/04\/6867509d-cdd3-43cf-8e8c-c1df0f5fcec5.jpeg\"><img loading=\"lazy\" decoding=\"async\" class=\"alignnone size-medium wp-image-6845\" src=\"https:\/\/www.spd-ortsverein-noerdliches-schwerte-holzen.de\/wp-content\/uploads\/2023\/04\/6867509d-cdd3-43cf-8e8c-c1df0f5fcec5-225x300.jpeg\" alt=\"\" width=\"225\" height=\"300\" srcset=\"https:\/\/www.spd-ortsverein-noerdliches-schwerte-holzen.de\/wp-content\/uploads\/2023\/04\/6867509d-cdd3-43cf-8e8c-c1df0f5fcec5-225x300.jpeg 225w, https:\/\/www.spd-ortsverein-noerdliches-schwerte-holzen.de\/wp-content\/uploads\/2023\/04\/6867509d-cdd3-43cf-8e8c-c1df0f5fcec5.jpeg 768w\" sizes=\"auto, (max-width: 225px) 100vw, 225px\" \/><\/a> <a href=\"https:\/\/www.spd-ortsverein-noerdliches-schwerte-holzen.de\/wp-content\/uploads\/2023\/04\/56570dbb-0f72-4bc3-94f2-cd505340d15e.jpeg\"><img loading=\"lazy\" decoding=\"async\" class=\"alignnone size-medium wp-image-6846\" src=\"https:\/\/www.spd-ortsverein-noerdliches-schwerte-holzen.de\/wp-content\/uploads\/2023\/04\/56570dbb-0f72-4bc3-94f2-cd505340d15e-225x300.jpeg\" alt=\"\" width=\"225\" height=\"300\" srcset=\"https:\/\/www.spd-ortsverein-noerdliches-schwerte-holzen.de\/wp-content\/uploads\/2023\/04\/56570dbb-0f72-4bc3-94f2-cd505340d15e-225x300.jpeg 225w, https:\/\/www.spd-ortsverein-noerdliches-schwerte-holzen.de\/wp-content\/uploads\/2023\/04\/56570dbb-0f72-4bc3-94f2-cd505340d15e.jpeg 768w\" sizes=\"auto, (max-width: 225px) 100vw, 225px\" \/><\/a><\/p>\n<\/div>\n<\/div>\n<\/div>\n<\/div>\n<\/div>\n","protected":false},"excerpt":{"rendered":"<p>EUROPA-STELE TR\u00c4GT JETZT AUCH DAS WAPPEN DER STADT IOANNINA &nbsp; Heute hat unser B\u00fcrgermeister Dimitrios Axourgos gemeinsam mit unserem Freund und Fotografen Emilios Neos und dem Vorsitzenden der St\u00e4dtepartnerschaftsgesellschaft Herbert Sobiech das Wappen unserer neuen Partnerstadt Ioannina (Griechenland) an der Europa-Stele im Generationenwald enth\u00fcllt. &nbsp; Partnerschaften sind der kommunale Beitrag zu einem Europa des Friedens. [&hellip;]<\/p>\n","protected":false},"author":3,"featured_media":6844,"comment_status":"closed","ping_status":"closed","sticky":false,"template":"","format":"standard","meta":{"footnotes":""},"categories":[1,3],"tags":[],"class_list":["post-6842","post","type-post","status-publish","format-standard","has-post-thumbnail","hentry","category-allgemein","category-leitartikel"],"_links":{"self":[{"href":"https:\/\/www.spd-ortsverein-noerdliches-schwerte-holzen.de\/index.php?rest_route=\/wp\/v2\/posts\/6842","targetHints":{"allow":["GET"]}}],"collection":[{"href":"https:\/\/www.spd-ortsverein-noerdliches-schwerte-holzen.de\/index.php?rest_route=\/wp\/v2\/posts"}],"about":[{"href":"https:\/\/www.spd-ortsverein-noerdliches-schwerte-holzen.de\/index.php?rest_route=\/wp\/v2\/types\/post"}],"author":[{"embeddable":true,"href":"https:\/\/www.spd-ortsverein-noerdliches-schwerte-holzen.de\/index.php?rest_route=\/wp\/v2\/users\/3"}],"replies":[{"embeddable":true,"href":"https:\/\/www.spd-ortsverein-noerdliches-schwerte-holzen.de\/index.php?rest_route=%2Fwp%2Fv2%2Fcomments&post=6842"}],"version-history":[{"count":1,"href":"https:\/\/www.spd-ortsverein-noerdliches-schwerte-holzen.de\/index.php?rest_route=\/wp\/v2\/posts\/6842\/revisions"}],"predecessor-version":[{"id":6847,"href":"https:\/\/www.spd-ortsverein-noerdliches-schwerte-holzen.de\/index.php?rest_route=\/wp\/v2\/posts\/6842\/revisions\/6847"}],"wp:featuredmedia":[{"embeddable":true,"href":"https:\/\/www.spd-ortsverein-noerdliches-schwerte-holzen.de\/index.php?rest_route=\/wp\/v2\/media\/6844"}],"wp:attachment":[{"href":"https:\/\/www.spd-ortsverein-noerdliches-schwerte-holzen.de\/index.php?rest_route=%2Fwp%2Fv2%2Fmedia&parent=6842"}],"wp:term":[{"taxonomy":"category","embeddable":true,"href":"https:\/\/www.spd-ortsverein-noerdliches-schwerte-holzen.de\/index.php?rest_route=%2Fwp%2Fv2%2Fcategories&post=6842"},{"taxonomy":"post_tag","embeddable":true,"href":"https:\/\/www.spd-ortsverein-noerdliches-schwerte-holzen.de\/index.php?rest_route=%2Fwp%2Fv2%2Ftags&post=6842"}],"curies":[{"name":"wp","href":"https:\/\/api.w.org\/{rel}","templated":true}]}}