{"id":6853,"date":"2023-04-25T18:46:54","date_gmt":"2023-04-25T16:46:54","guid":{"rendered":"https:\/\/www.spd-ortsverein-noerdliches-schwerte-holzen.de\/?p=6853"},"modified":"2023-04-25T18:46:54","modified_gmt":"2023-04-25T16:46:54","slug":"hartmut-ganzke-zieht-zwischenbilanz-in-kreis-unna","status":"publish","type":"post","link":"https:\/\/www.spd-ortsverein-noerdliches-schwerte-holzen.de\/?p=6853","title":{"rendered":"Hartmut Ganzke zieht Zwischenbilanz in Kreis Unna"},"content":{"rendered":"<p>Nach \u00fcber f\u00fcnfzig erfolgreichen politischen Antr\u00e4gen und Resolutionen im Kreistag in dieser Wahlperiode stellte sich der Fraktionsvorstand gestern in der Halbzeit erneut zur Wahl.<\/p>\n<p>Schon Halbzeit.<\/p>\n<p>Der Fraktionsvorsitzende Hartmut Ganzke nutzt die Gelegenheit zu einer Zwischenbilanz.<\/p>\n<p>Neben den vielen politischen Antr\u00e4gen, die funktioniert haben, waren wir in #Holzwickede, #Schwerte und #L\u00fcnen vor Ort.<\/p>\n<p>Zuletzt war die Radwegeplanung, der Sozialpflegeplan und die Kita-Geb\u00fchren Fraktionsthema.<\/p>\n<p>Der Fraktionsvorstand wurde best\u00e4tigt.&nbsp;<\/p>\n<p>&nbsp;<\/p>\n","protected":false},"excerpt":{"rendered":"<p>Nach \u00fcber f\u00fcnfzig erfolgreichen politischen Antr\u00e4gen und Resolutionen im Kreistag in dieser Wahlperiode stellte sich der Fraktionsvorstand gestern in der Halbzeit erneut zur Wahl. Schon Halbzeit. Der Fraktionsvorsitzende Hartmut Ganzke nutzt die Gelegenheit zu einer Zwischenbilanz. Neben den vielen politischen Antr\u00e4gen, die funktioniert haben, waren wir in #Holzwickede, #Schwerte und #L\u00fcnen vor Ort. Zuletzt war [&hellip;]<\/p>\n","protected":false},"author":3,"featured_media":6854,"comment_status":"closed","ping_status":"closed","sticky":false,"template":"","format":"standard","meta":{"footnotes":""},"categories":[1,3],"tags":[],"class_list":["post-6853","post","type-post","status-publish","format-standard","has-post-thumbnail","hentry","category-allgemein","category-leitartikel"],"_links":{"self":[{"href":"https:\/\/www.spd-ortsverein-noerdliches-schwerte-holzen.de\/index.php?rest_route=\/wp\/v2\/posts\/6853","targetHints":{"allow":["GET"]}}],"collection":[{"href":"https:\/\/www.spd-ortsverein-noerdliches-schwerte-holzen.de\/index.php?rest_route=\/wp\/v2\/posts"}],"about":[{"href":"https:\/\/www.spd-ortsverein-noerdliches-schwerte-holzen.de\/index.php?rest_route=\/wp\/v2\/types\/post"}],"author":[{"embeddable":true,"href":"https:\/\/www.spd-ortsverein-noerdliches-schwerte-holzen.de\/index.php?rest_route=\/wp\/v2\/users\/3"}],"replies":[{"embeddable":true,"href":"https:\/\/www.spd-ortsverein-noerdliches-schwerte-holzen.de\/index.php?rest_route=%2Fwp%2Fv2%2Fcomments&post=6853"}],"version-history":[{"count":1,"href":"https:\/\/www.spd-ortsverein-noerdliches-schwerte-holzen.de\/index.php?rest_route=\/wp\/v2\/posts\/6853\/revisions"}],"predecessor-version":[{"id":6855,"href":"https:\/\/www.spd-ortsverein-noerdliches-schwerte-holzen.de\/index.php?rest_route=\/wp\/v2\/posts\/6853\/revisions\/6855"}],"wp:featuredmedia":[{"embeddable":true,"href":"https:\/\/www.spd-ortsverein-noerdliches-schwerte-holzen.de\/index.php?rest_route=\/wp\/v2\/media\/6854"}],"wp:attachment":[{"href":"https:\/\/www.spd-ortsverein-noerdliches-schwerte-holzen.de\/index.php?rest_route=%2Fwp%2Fv2%2Fmedia&parent=6853"}],"wp:term":[{"taxonomy":"category","embeddable":true,"href":"https:\/\/www.spd-ortsverein-noerdliches-schwerte-holzen.de\/index.php?rest_route=%2Fwp%2Fv2%2Fcategories&post=6853"},{"taxonomy":"post_tag","embeddable":true,"href":"https:\/\/www.spd-ortsverein-noerdliches-schwerte-holzen.de\/index.php?rest_route=%2Fwp%2Fv2%2Ftags&post=6853"}],"curies":[{"name":"wp","href":"https:\/\/api.w.org\/{rel}","templated":true}]}}