{"id":6863,"date":"2023-04-27T15:00:47","date_gmt":"2023-04-27T13:00:47","guid":{"rendered":"https:\/\/www.spd-ortsverein-noerdliches-schwerte-holzen.de\/?p=6863"},"modified":"2023-04-27T15:27:31","modified_gmt":"2023-04-27T13:27:31","slug":"gemeinsame-stellungnahme-von-spd-fraktion-und-spd-stadtverband-schwerte-zum-eklat-beim-kinderfest-23-nisan","status":"publish","type":"post","link":"https:\/\/www.spd-ortsverein-noerdliches-schwerte-holzen.de\/?p=6863","title":{"rendered":"Gemeinsame Stellungnahme von SPD-Fraktion und SPD- Stadtverband Schwerte zum Eklat beim Kinderfest 23 Nisan"},"content":{"rendered":"<p><span style=\"color: #ff0000;\"><strong>Gemeinsame Stellungnahme von SPD-Fraktion und SPD- Stadtverband Schwerte zum Eklat beim Kinderfest 23 Nisan<\/strong><\/span><\/p>\n<p>Nach den aktuellen Vorkommnissen beim Kinderfest 23 Nisan war es der SPD Schwerte wichtig, den Sachverhalt in der \u00f6ffentlichen Sitzung des Integrationsrates fundiert aufzukl\u00e4ren, Antworten auf die vorbereiteten Fragen zu erhalten und die gegenseitigen Positionen anzuh\u00f6ren.<\/p>\n<p>Die Vorsitzende des Integrationsrates Aynur Yavuz hat \u00f6ffentlich bedauert, dass sie beim Kinderfest 23 Nisan SPD-Mitglied Engin Izgi, der ebenfalls dem Integrationsrat angeh\u00f6rt, des Gel\u00e4ndes verwiesen hat \u2013 im Namen der auf ihr Hausrecht pochenden Moscheegemeinde. Dass sie damit einger\u00e4umt hat, einen Fehler gemacht zu haben, war wichtig und unabdingbar.<\/p>\n<p>Die SPD h\u00e4tte sich in dieser Hinsicht allerdings ein noch deutlicheres und klareres Eingest\u00e4ndnis gew\u00fcnscht, das dem Gewicht der Angelegenheit und ihrer Rolle als Integrationsratsvorsitzende gerecht wird.<\/p>\n<p>Denn eine Integrationsratsvorsitzende muss integrieren und darf nicht ausgrenzen. Sie hat au\u00dferdem weder das Recht noch die Legitimation gegen\u00fcber einem demokratisch gew\u00e4hlten Mitglied einen Platzverweis auszusprechen.<\/p>\n<p>Und: \u00d6ffentliche Veranstaltungen unter der Schirmherrschaft des B\u00fcrgermeisters m\u00fcssen f\u00fcr alle zug\u00e4nglich sein.<\/p>\n<p>Engin Izgi tut nicht mehr und nicht weniger, als dass er das Recht auf \u00f6ffentliche Meinungs\u00e4u\u00dferung wahrnimmt: er kritisiert die Politik des t\u00fcrkischen Staatschefs Erdogan und der AKP, weil sie seiner Meinung nach mit demokratischen Grundrechten nicht vereinbar ist.<\/p>\n<p>Die Einnahme einer solchen, kritischen Haltung darf weder direkt noch indirekt zum Anlass genommen werden, jemanden auszugrenzen.<\/p>\n<p>Geschieht dies, ist das mit unserer freiheitlich-demokratischen Grundordnung nicht vereinbar. Wir solidarisieren uns in dieser Situation mit Engin Izgi.<\/p>\n<p>Die SPD Schwerte bef\u00fcrwortet die Idee, dass der Integrationsrat darauf hinwirken soll, den Dialog zwischen Engin Izgi und der Moschee-Gemeinde wiederherzustellen und mit der Moscheegemeinde \u00fcber ihre Haltung ins Gespr\u00e4ch zu kommen.<\/p>\n<p>Die SPD Schwerte begr\u00fc\u00dft aber auch dezidiert die Klarstellung der Verwaltung, dass st\u00e4dtische Veranstaltungen so lange nicht mehr auf dem Gel\u00e4nde der Ditib-Gemeinde stattfinden k\u00f6nnen, bis der Sachverhalt gekl\u00e4rt ist.<\/p>\n<p>Meinungsfreiheit und Offenheit gegen\u00fcber Andersdenkenden geh\u00f6ren zu den Grundfesten unserer Demokratie.<\/p>\n<p>Dialog statt Ausgrenzung ist das Ziel aller ernstgemeinten Integrationsarbeit.<\/p>\n<p>Die SPD Schwerte hofft, dass der Eklat beim Kinderfest 23 Nisan Ansto\u00df ist, Probleme des Miteinanders nicht auszublenden, sondern neue Wege des Dialoges in unserer Stadt zu erschlie\u00dfen.<\/p>\n<p>F\u00fcr die SPD Fraktion: Marc Seelbach (Fraktionsvorsitzender)<\/p>\n<p>F\u00fcr den SPD Stadtverband: Simon Lehmann-Hangebrock (Stadtverbandsvorsitzender)<\/p>\n<p><a href=\"https:\/\/www.spd-ortsverein-noerdliches-schwerte-holzen.de\/wp-content\/uploads\/2023\/04\/IMG_1262.jpeg\"><img loading=\"lazy\" decoding=\"async\" class=\"alignnone size-medium wp-image-6865\" src=\"https:\/\/www.spd-ortsverein-noerdliches-schwerte-holzen.de\/wp-content\/uploads\/2023\/04\/IMG_1262-211x300.jpeg\" alt=\"\" width=\"211\" height=\"300\" srcset=\"https:\/\/www.spd-ortsverein-noerdliches-schwerte-holzen.de\/wp-content\/uploads\/2023\/04\/IMG_1262-211x300.jpeg 211w, https:\/\/www.spd-ortsverein-noerdliches-schwerte-holzen.de\/wp-content\/uploads\/2023\/04\/IMG_1262-719x1024.jpeg 719w, https:\/\/www.spd-ortsverein-noerdliches-schwerte-holzen.de\/wp-content\/uploads\/2023\/04\/IMG_1262-768x1094.jpeg 768w, https:\/\/www.spd-ortsverein-noerdliches-schwerte-holzen.de\/wp-content\/uploads\/2023\/04\/IMG_1262-1079x1536.jpeg 1079w, https:\/\/www.spd-ortsverein-noerdliches-schwerte-holzen.de\/wp-content\/uploads\/2023\/04\/IMG_1262.jpeg 1080w\" sizes=\"auto, (max-width: 211px) 100vw, 211px\" \/><\/a><\/p>\n","protected":false},"excerpt":{"rendered":"<p>Gemeinsame Stellungnahme von SPD-Fraktion und SPD- Stadtverband Schwerte zum Eklat beim Kinderfest 23 Nisan Nach den aktuellen Vorkommnissen beim Kinderfest 23 Nisan war es der SPD Schwerte wichtig, den Sachverhalt in der \u00f6ffentlichen Sitzung des Integrationsrates fundiert aufzukl\u00e4ren, Antworten auf die vorbereiteten Fragen zu erhalten und die gegenseitigen Positionen anzuh\u00f6ren. Die Vorsitzende des Integrationsrates Aynur [&hellip;]<\/p>\n","protected":false},"author":3,"featured_media":6864,"comment_status":"closed","ping_status":"closed","sticky":false,"template":"","format":"standard","meta":{"footnotes":""},"categories":[1,3],"tags":[],"class_list":["post-6863","post","type-post","status-publish","format-standard","has-post-thumbnail","hentry","category-allgemein","category-leitartikel"],"_links":{"self":[{"href":"https:\/\/www.spd-ortsverein-noerdliches-schwerte-holzen.de\/index.php?rest_route=\/wp\/v2\/posts\/6863","targetHints":{"allow":["GET"]}}],"collection":[{"href":"https:\/\/www.spd-ortsverein-noerdliches-schwerte-holzen.de\/index.php?rest_route=\/wp\/v2\/posts"}],"about":[{"href":"https:\/\/www.spd-ortsverein-noerdliches-schwerte-holzen.de\/index.php?rest_route=\/wp\/v2\/types\/post"}],"author":[{"embeddable":true,"href":"https:\/\/www.spd-ortsverein-noerdliches-schwerte-holzen.de\/index.php?rest_route=\/wp\/v2\/users\/3"}],"replies":[{"embeddable":true,"href":"https:\/\/www.spd-ortsverein-noerdliches-schwerte-holzen.de\/index.php?rest_route=%2Fwp%2Fv2%2Fcomments&post=6863"}],"version-history":[{"count":1,"href":"https:\/\/www.spd-ortsverein-noerdliches-schwerte-holzen.de\/index.php?rest_route=\/wp\/v2\/posts\/6863\/revisions"}],"predecessor-version":[{"id":6866,"href":"https:\/\/www.spd-ortsverein-noerdliches-schwerte-holzen.de\/index.php?rest_route=\/wp\/v2\/posts\/6863\/revisions\/6866"}],"wp:featuredmedia":[{"embeddable":true,"href":"https:\/\/www.spd-ortsverein-noerdliches-schwerte-holzen.de\/index.php?rest_route=\/wp\/v2\/media\/6864"}],"wp:attachment":[{"href":"https:\/\/www.spd-ortsverein-noerdliches-schwerte-holzen.de\/index.php?rest_route=%2Fwp%2Fv2%2Fmedia&parent=6863"}],"wp:term":[{"taxonomy":"category","embeddable":true,"href":"https:\/\/www.spd-ortsverein-noerdliches-schwerte-holzen.de\/index.php?rest_route=%2Fwp%2Fv2%2Fcategories&post=6863"},{"taxonomy":"post_tag","embeddable":true,"href":"https:\/\/www.spd-ortsverein-noerdliches-schwerte-holzen.de\/index.php?rest_route=%2Fwp%2Fv2%2Ftags&post=6863"}],"curies":[{"name":"wp","href":"https:\/\/api.w.org\/{rel}","templated":true}]}}