{"id":6867,"date":"2023-04-28T01:37:04","date_gmt":"2023-04-27T23:37:04","guid":{"rendered":"https:\/\/www.spd-ortsverein-noerdliches-schwerte-holzen.de\/?p=6867"},"modified":"2023-04-28T01:37:48","modified_gmt":"2023-04-27T23:37:48","slug":"jusos-schwerte-setzen-sich-fuer-schuelerhaushalt-an-weiterfuehrenden-schulen-ein","status":"publish","type":"post","link":"https:\/\/www.spd-ortsverein-noerdliches-schwerte-holzen.de\/?p=6867","title":{"rendered":"Jusos Schwerte setzen sich f\u00fcr Sch\u00fclerhaushalt an weiterf\u00fchrenden Schulen ein"},"content":{"rendered":"<p><strong><span style=\"color: #ff0000;\">Jusos Schwerte setzen sich f\u00fcr Sch\u00fclerhaushalt an weiterf\u00fchrenden Schulen ein<\/span><\/strong><\/p>\n<p>Das Projekt \u201eSch\u00fcler:innenhaushalt\u201c wird an den Grundschulen in Schwerte seit einigen Jahren bereits erfolgreich praktiziert.<\/p>\n<p>Nun hat die SPD-Fraktion auf Initiative der Jusos Schwerte einen Antrag im Schulausschuss gestellt, zu pr\u00fcfen, ob das Konzept Sch\u00fcler:innenhaushalt auf die weiterf\u00fchrenden Schulen \u00fcbertragen werden kann und gemeinsam mit dem Kinder- und Jugendparlament sowie den Sch\u00fcler:innenvertretungen ein Konzept zu erarbeiten. Die Idee dazu ging aus einem gef\u00fchrten schulpolitischen Austausch zwischen den Jusos Schwerte und den Sch\u00fcler:innenvertretungen aller Schwerter weiterf\u00fchrenden Schulen hervor.<\/p>\n<p>Burak \u00c7akano\u011flu, Vorsitzender der Jusos Schwerte, betont: &#8222;Auf diese Weise lernen die Sch\u00fclerinnen und Sch\u00fcler viel dar\u00fcber, wie politische Entscheidungsprozesse zustande kommen, damit ist der Sch\u00fcler:innenhaushalt eine attraktive Form der praktischen Demokratiebildung&#8220;. &#8222;Ob digitale Infotafel, ein Kinderkino, oder Bildungsfahrten, die Sch\u00fcler:innen entscheiden dar\u00fcber, was wichtig ist&#8220; so Simon Kramer und Finn Schlieper, beide stellvertretende Vorsitzende der Jusos Schwerte.<\/p>\n<p>Mit dem Sch\u00fcler:innenhaushalt kann auch an den weiterf\u00fchrenden Schulen verantwortungsvolles Handeln zugunsten der Gemeinschaft und demokratische Willensbildung direkt erfahrbar gemacht werden, und so hoffen Jusos und SPD Schwerte auf eine Mehrheit f\u00fcr ihren Antrag im Schulausschuss Anfang Mai.<\/p>\n<p>#spd #jusos #jugend #politik #schule #bildung<\/p>\n<p><strong><span style=\"color: #ff0000;\">Ratsmitglied Uwe G\u00f6rke-Gott berichtet vom Sozialausschuss der gestern statt fand:&nbsp;<\/span><\/strong><\/p>\n<p>Ich komme gerade vom Sozialausschuss &#8211; heute hat es 2,5 Stunden gedauert.<\/p>\n<p>Auf dem Programm stand heute eine Info zum Projekt Kobra im Kreis Unna, insbesondere ging es um die neuesten Zahlen der Fl\u00fcchtlinge in Schwerte. (Zur Zeit 698 Personen.)<\/p>\n<p>Au\u00dferdem haben wir dar\u00fcber gesprochen, wie es aussehen k\u00f6nnte, sich mehr mit dem Thema Demenz auseinanderzusetzen, denn alle Hilfegruppen sind bereits voll.<\/p>\n<p>So haben wir insgesamt ein paar Verbesserungsvorschl\u00e4ge f\u00fcr die Verwaltung erarbeitet, denn einiges l\u00e4sst zu w\u00fcnschen \u00fcbrig. Ein anderes Beispiel: Die digitalen Senioren-Infos sollten dann auch besser aktueller sein als die gedruckten Vorlagen.<\/p>\n<p>Schlie\u00dflich wurde wurde ein Termin bekanntgegeben: Der Sozialausschuss wird sich am 30.5.2023 die Arbeit der AIDS-Hilfe im Kreis Unna anschauen. Gerade mich als Betroffenen freut das nat\u00fcrlich sehr.<\/p>\n<p><a href=\"https:\/\/www.aidshilfe-unna.de\/de\">https:\/\/www.aidshilfe-unna.de\/de<\/a><\/p>\n<p>Der Sozialausschuss k\u00fcmmert sich und sucht Begegnungen. Dazu sage ich: Daumen hoch&#x2757;&#xfe0f;<\/p>\n<p>Wir lesen uns.<\/p>\n<p>Euer Uwe &#x1f339;&#x1f308;&#x1f340;<\/p>\n<p><a href=\"https:\/\/www.werkstatt-im-kreis-unna.de\/unternehmen\/presse\/pressemitteilungen\/?L=0\">https:\/\/www.werkstatt-im-kreis-unna.de\/unternehmen\/presse\/pressemitteilungen\/?L=0<\/a><\/p>\n<p><a href=\"https:\/\/www.spd-ortsverein-noerdliches-schwerte-holzen.de\/wp-content\/uploads\/2023\/04\/IMG_1278-scaled.jpeg\"><img loading=\"lazy\" decoding=\"async\" class=\"alignnone size-medium wp-image-6869\" src=\"https:\/\/www.spd-ortsverein-noerdliches-schwerte-holzen.de\/wp-content\/uploads\/2023\/04\/IMG_1278-225x300.jpeg\" alt=\"\" width=\"225\" height=\"300\" srcset=\"https:\/\/www.spd-ortsverein-noerdliches-schwerte-holzen.de\/wp-content\/uploads\/2023\/04\/IMG_1278-225x300.jpeg 225w, https:\/\/www.spd-ortsverein-noerdliches-schwerte-holzen.de\/wp-content\/uploads\/2023\/04\/IMG_1278-768x1024.jpeg 768w, https:\/\/www.spd-ortsverein-noerdliches-schwerte-holzen.de\/wp-content\/uploads\/2023\/04\/IMG_1278-1152x1536.jpeg 1152w, https:\/\/www.spd-ortsverein-noerdliches-schwerte-holzen.de\/wp-content\/uploads\/2023\/04\/IMG_1278-1536x2048.jpeg 1536w, https:\/\/www.spd-ortsverein-noerdliches-schwerte-holzen.de\/wp-content\/uploads\/2023\/04\/IMG_1278-scaled.jpeg 1920w\" sizes=\"auto, (max-width: 225px) 100vw, 225px\" \/><\/a><\/p>\n","protected":false},"excerpt":{"rendered":"<p>Jusos Schwerte setzen sich f\u00fcr Sch\u00fclerhaushalt an weiterf\u00fchrenden Schulen ein Das Projekt \u201eSch\u00fcler:innenhaushalt\u201c wird an den Grundschulen in Schwerte seit einigen Jahren bereits erfolgreich praktiziert. Nun hat die SPD-Fraktion auf Initiative der Jusos Schwerte einen Antrag im Schulausschuss gestellt, zu pr\u00fcfen, ob das Konzept Sch\u00fcler:innenhaushalt auf die weiterf\u00fchrenden Schulen \u00fcbertragen werden kann und gemeinsam mit [&hellip;]<\/p>\n","protected":false},"author":3,"featured_media":6868,"comment_status":"closed","ping_status":"closed","sticky":false,"template":"","format":"standard","meta":{"footnotes":""},"categories":[1,3],"tags":[],"class_list":["post-6867","post","type-post","status-publish","format-standard","has-post-thumbnail","hentry","category-allgemein","category-leitartikel"],"_links":{"self":[{"href":"https:\/\/www.spd-ortsverein-noerdliches-schwerte-holzen.de\/index.php?rest_route=\/wp\/v2\/posts\/6867","targetHints":{"allow":["GET"]}}],"collection":[{"href":"https:\/\/www.spd-ortsverein-noerdliches-schwerte-holzen.de\/index.php?rest_route=\/wp\/v2\/posts"}],"about":[{"href":"https:\/\/www.spd-ortsverein-noerdliches-schwerte-holzen.de\/index.php?rest_route=\/wp\/v2\/types\/post"}],"author":[{"embeddable":true,"href":"https:\/\/www.spd-ortsverein-noerdliches-schwerte-holzen.de\/index.php?rest_route=\/wp\/v2\/users\/3"}],"replies":[{"embeddable":true,"href":"https:\/\/www.spd-ortsverein-noerdliches-schwerte-holzen.de\/index.php?rest_route=%2Fwp%2Fv2%2Fcomments&post=6867"}],"version-history":[{"count":2,"href":"https:\/\/www.spd-ortsverein-noerdliches-schwerte-holzen.de\/index.php?rest_route=\/wp\/v2\/posts\/6867\/revisions"}],"predecessor-version":[{"id":6871,"href":"https:\/\/www.spd-ortsverein-noerdliches-schwerte-holzen.de\/index.php?rest_route=\/wp\/v2\/posts\/6867\/revisions\/6871"}],"wp:featuredmedia":[{"embeddable":true,"href":"https:\/\/www.spd-ortsverein-noerdliches-schwerte-holzen.de\/index.php?rest_route=\/wp\/v2\/media\/6868"}],"wp:attachment":[{"href":"https:\/\/www.spd-ortsverein-noerdliches-schwerte-holzen.de\/index.php?rest_route=%2Fwp%2Fv2%2Fmedia&parent=6867"}],"wp:term":[{"taxonomy":"category","embeddable":true,"href":"https:\/\/www.spd-ortsverein-noerdliches-schwerte-holzen.de\/index.php?rest_route=%2Fwp%2Fv2%2Fcategories&post=6867"},{"taxonomy":"post_tag","embeddable":true,"href":"https:\/\/www.spd-ortsverein-noerdliches-schwerte-holzen.de\/index.php?rest_route=%2Fwp%2Fv2%2Ftags&post=6867"}],"curies":[{"name":"wp","href":"https:\/\/api.w.org\/{rel}","templated":true}]}}