{"id":6872,"date":"2023-04-28T21:37:20","date_gmt":"2023-04-28T19:37:20","guid":{"rendered":"https:\/\/www.spd-ortsverein-noerdliches-schwerte-holzen.de\/?p=6872"},"modified":"2023-05-01T08:58:23","modified_gmt":"2023-05-01T06:58:23","slug":"arbeitnehmerempfang-der-spd-in-schwerte","status":"publish","type":"post","link":"https:\/\/www.spd-ortsverein-noerdliches-schwerte-holzen.de\/?p=6872","title":{"rendered":"Arbeitnehmerempfang der SPD in Schwerte"},"content":{"rendered":"<p>Arbeitnehmerempfang der SPD in Schwerte<\/p>\n<p>Die SPD Schwerte lud herzlich zum Arbeitnehmerempfang 2023 ein.<\/p>\n<p>Der SPD Arbeitnehmerempfang findet traditionell Ende April zur Vorbereitung des 1. Mai, des Tags der Arbeit, statt.<\/p>\n<p>2023 steht dieser unter dem Motto &#8222;ungebrochen solidarisch&#8220;.<\/p>\n<p>Die Gewerkschaften stehen f\u00fcr ein solidarisches Miteinander, auch in unruhigen Zeiten.<\/p>\n<p>Viele Bereiche unseres Lebens haben sich in den vergangenen Jahren besonders rasch ver\u00e4ndert.<\/p>\n<p>Die Arbeitswelt steht vor gro\u00dfen digitalen und \u00f6kologischen Aufgaben.<\/p>\n<p>Doch wir k\u00f6nnen sie mitbestimmen.<\/p>\n<p>Der Wandel muss gemeinsam mit den Besch\u00e4ftigten gestaltet werden: sozial, \u00f6kologisch und demokratisch.<\/p>\n<p>Der DGB setzt sich f\u00fcr eine Zukunft von Wirtschaft und Gesellschaft ein, von dem nicht nur Einige, sondern Alle profitieren.<\/p>\n<p>Wie dieser Wandel vor Ort gemeinsam gestaltet werden kann, hat Referent Bernd Dreisbusch von Verdi &nbsp;des Bezirks Westfalen vorgestellt.<\/p>\n<p><a href=\"https:\/\/www.spd-ortsverein-noerdliches-schwerte-holzen.de\/wp-content\/uploads\/2023\/04\/IMG_1400.jpeg\"><img loading=\"lazy\" decoding=\"async\" class=\"alignnone size-medium wp-image-6889\" src=\"https:\/\/www.spd-ortsverein-noerdliches-schwerte-holzen.de\/wp-content\/uploads\/2023\/04\/IMG_1400-298x300.jpeg\" alt=\"\" width=\"298\" height=\"300\" srcset=\"https:\/\/www.spd-ortsverein-noerdliches-schwerte-holzen.de\/wp-content\/uploads\/2023\/04\/IMG_1400-298x300.jpeg 298w, https:\/\/www.spd-ortsverein-noerdliches-schwerte-holzen.de\/wp-content\/uploads\/2023\/04\/IMG_1400-150x150.jpeg 150w, https:\/\/www.spd-ortsverein-noerdliches-schwerte-holzen.de\/wp-content\/uploads\/2023\/04\/IMG_1400-60x60.jpeg 60w, https:\/\/www.spd-ortsverein-noerdliches-schwerte-holzen.de\/wp-content\/uploads\/2023\/04\/IMG_1400.jpeg 709w\" sizes=\"auto, (max-width: 298px) 100vw, 298px\" \/><\/a><\/p>\n<p><a href=\"https:\/\/www.spd-ortsverein-noerdliches-schwerte-holzen.de\/wp-content\/uploads\/2023\/04\/IMG_1308.jpeg\"><img loading=\"lazy\" decoding=\"async\" class=\"alignnone size-medium wp-image-6887\" src=\"https:\/\/www.spd-ortsverein-noerdliches-schwerte-holzen.de\/wp-content\/uploads\/2023\/04\/IMG_1308-225x300.jpeg\" alt=\"\" width=\"225\" height=\"300\" srcset=\"https:\/\/www.spd-ortsverein-noerdliches-schwerte-holzen.de\/wp-content\/uploads\/2023\/04\/IMG_1308-225x300.jpeg 225w, https:\/\/www.spd-ortsverein-noerdliches-schwerte-holzen.de\/wp-content\/uploads\/2023\/04\/IMG_1308-768x1024.jpeg 768w, https:\/\/www.spd-ortsverein-noerdliches-schwerte-holzen.de\/wp-content\/uploads\/2023\/04\/IMG_1308-1152x1536.jpeg 1152w, https:\/\/www.spd-ortsverein-noerdliches-schwerte-holzen.de\/wp-content\/uploads\/2023\/04\/IMG_1308.jpeg 1536w\" sizes=\"auto, (max-width: 225px) 100vw, 225px\" \/><\/a><\/p>\n<p>Vorher war aber erst die Begr\u00fc\u00dfung vom B\u00fcrgermeister Dimitrios Axourgros.&nbsp;<\/p>\n<p><a href=\"https:\/\/www.spd-ortsverein-noerdliches-schwerte-holzen.de\/wp-content\/uploads\/2023\/04\/IMG_1291.jpeg\"><img loading=\"lazy\" decoding=\"async\" class=\"alignnone size-medium wp-image-6878\" src=\"https:\/\/www.spd-ortsverein-noerdliches-schwerte-holzen.de\/wp-content\/uploads\/2023\/04\/IMG_1291-255x300.jpeg\" alt=\"\" width=\"255\" height=\"300\" srcset=\"https:\/\/www.spd-ortsverein-noerdliches-schwerte-holzen.de\/wp-content\/uploads\/2023\/04\/IMG_1291-255x300.jpeg 255w, https:\/\/www.spd-ortsverein-noerdliches-schwerte-holzen.de\/wp-content\/uploads\/2023\/04\/IMG_1291-869x1024.jpeg 869w, https:\/\/www.spd-ortsverein-noerdliches-schwerte-holzen.de\/wp-content\/uploads\/2023\/04\/IMG_1291-768x905.jpeg 768w, https:\/\/www.spd-ortsverein-noerdliches-schwerte-holzen.de\/wp-content\/uploads\/2023\/04\/IMG_1291.jpeg 1290w\" sizes=\"auto, (max-width: 255px) 100vw, 255px\" \/><\/a><\/p>\n<p><a href=\"https:\/\/www.spd-ortsverein-noerdliches-schwerte-holzen.de\/wp-content\/uploads\/2023\/04\/IMG_1297.jpeg\"><img loading=\"lazy\" decoding=\"async\" class=\"alignnone size-medium wp-image-6882\" src=\"https:\/\/www.spd-ortsverein-noerdliches-schwerte-holzen.de\/wp-content\/uploads\/2023\/04\/IMG_1297-300x291.jpeg\" alt=\"\" width=\"300\" height=\"291\" srcset=\"https:\/\/www.spd-ortsverein-noerdliches-schwerte-holzen.de\/wp-content\/uploads\/2023\/04\/IMG_1297-300x291.jpeg 300w, https:\/\/www.spd-ortsverein-noerdliches-schwerte-holzen.de\/wp-content\/uploads\/2023\/04\/IMG_1297-1024x995.jpeg 1024w, https:\/\/www.spd-ortsverein-noerdliches-schwerte-holzen.de\/wp-content\/uploads\/2023\/04\/IMG_1297-768x746.jpeg 768w, https:\/\/www.spd-ortsverein-noerdliches-schwerte-holzen.de\/wp-content\/uploads\/2023\/04\/IMG_1297.jpeg 1181w\" sizes=\"auto, (max-width: 300px) 100vw, 300px\" \/><\/a><\/p>\n","protected":false},"excerpt":{"rendered":"<p>Arbeitnehmerempfang der SPD in Schwerte Die SPD Schwerte lud herzlich zum Arbeitnehmerempfang 2023 ein. Der SPD Arbeitnehmerempfang findet traditionell Ende April zur Vorbereitung des 1. Mai, des Tags der Arbeit, statt. 2023 steht dieser unter dem Motto &#8222;ungebrochen solidarisch&#8220;. Die Gewerkschaften stehen f\u00fcr ein solidarisches Miteinander, auch in unruhigen Zeiten. Viele Bereiche unseres Lebens haben [&hellip;]<\/p>\n","protected":false},"author":3,"featured_media":6873,"comment_status":"closed","ping_status":"closed","sticky":false,"template":"","format":"standard","meta":{"footnotes":""},"categories":[1,3],"tags":[],"class_list":["post-6872","post","type-post","status-publish","format-standard","has-post-thumbnail","hentry","category-allgemein","category-leitartikel"],"_links":{"self":[{"href":"https:\/\/www.spd-ortsverein-noerdliches-schwerte-holzen.de\/index.php?rest_route=\/wp\/v2\/posts\/6872","targetHints":{"allow":["GET"]}}],"collection":[{"href":"https:\/\/www.spd-ortsverein-noerdliches-schwerte-holzen.de\/index.php?rest_route=\/wp\/v2\/posts"}],"about":[{"href":"https:\/\/www.spd-ortsverein-noerdliches-schwerte-holzen.de\/index.php?rest_route=\/wp\/v2\/types\/post"}],"author":[{"embeddable":true,"href":"https:\/\/www.spd-ortsverein-noerdliches-schwerte-holzen.de\/index.php?rest_route=\/wp\/v2\/users\/3"}],"replies":[{"embeddable":true,"href":"https:\/\/www.spd-ortsverein-noerdliches-schwerte-holzen.de\/index.php?rest_route=%2Fwp%2Fv2%2Fcomments&post=6872"}],"version-history":[{"count":10,"href":"https:\/\/www.spd-ortsverein-noerdliches-schwerte-holzen.de\/index.php?rest_route=\/wp\/v2\/posts\/6872\/revisions"}],"predecessor-version":[{"id":6890,"href":"https:\/\/www.spd-ortsverein-noerdliches-schwerte-holzen.de\/index.php?rest_route=\/wp\/v2\/posts\/6872\/revisions\/6890"}],"wp:featuredmedia":[{"embeddable":true,"href":"https:\/\/www.spd-ortsverein-noerdliches-schwerte-holzen.de\/index.php?rest_route=\/wp\/v2\/media\/6873"}],"wp:attachment":[{"href":"https:\/\/www.spd-ortsverein-noerdliches-schwerte-holzen.de\/index.php?rest_route=%2Fwp%2Fv2%2Fmedia&parent=6872"}],"wp:term":[{"taxonomy":"category","embeddable":true,"href":"https:\/\/www.spd-ortsverein-noerdliches-schwerte-holzen.de\/index.php?rest_route=%2Fwp%2Fv2%2Fcategories&post=6872"},{"taxonomy":"post_tag","embeddable":true,"href":"https:\/\/www.spd-ortsverein-noerdliches-schwerte-holzen.de\/index.php?rest_route=%2Fwp%2Fv2%2Ftags&post=6872"}],"curies":[{"name":"wp","href":"https:\/\/api.w.org\/{rel}","templated":true}]}}