{"id":6900,"date":"2023-05-02T12:49:04","date_gmt":"2023-05-02T10:49:04","guid":{"rendered":"https:\/\/www.spd-ortsverein-noerdliches-schwerte-holzen.de\/?p=6900"},"modified":"2023-05-02T12:49:45","modified_gmt":"2023-05-02T10:49:45","slug":"ein-besseres-leben-fuer-benachteiligte-menschen-in-schwerte","status":"publish","type":"post","link":"https:\/\/www.spd-ortsverein-noerdliches-schwerte-holzen.de\/?p=6900","title":{"rendered":"Ein besseres Leben f\u00fcr benachteiligte Menschen in Schwerte"},"content":{"rendered":"<p>Pressemeldung der SPD zur Sozialausschusssitzung am 27.4.2023<\/p>\n<p><span style=\"color: #ff0000;\"><strong>Ein besseres Leben f\u00fcr benachteiligte Menschen in Schwerte!<\/strong><\/span><\/p>\n<p>Nach einem sehr engagierten und interessanten Vortrag von Herbert D\u00f6hrmann von der Werkstatt Unna \u00fcber ein Projekt im Kreis Unna zur Bek\u00e4mpfung von Armutsfolgen freuen sich die Mitglieder der SPD-Fraktion im Sozialausschuss, dass sich die Stadt Schwerte nun auch bei einem entsprechenden Folgeprojekt, das durch das Bundesarbeitsministerium gef\u00f6rdert wird, beteiligen will. \u201e<\/p>\n<p>\u201eDie Bek\u00e4mpfung von Armut und ihren Folgen ist weit mehr als nur die Bereitstellung von Geld.<\/p>\n<p>Es geht um intensive Beratung und Begleitung der betroffenen Menschen in vielen Lebensbereichen\u201c, erl\u00e4utert die sozialpolitische Sprecherin der SPD Sigrid Reihs das starke Interesse an der Projektbeteiligung.<\/p>\n<p>Armut und ihre Folgen sind f\u00fcr viele Menschen auch in Schwerte eine der gr\u00f6\u00dften Herausforderungen, um mit ihrem Leben zurecht zu kommen.<\/p>\n<p>Rein zahlenm\u00e4\u00dfig sind im gesamten Kreis Unna wohl ca. 20 % der Menschen davon betroffen. Wesentlich ist es, Armut zu verhindern und die Lebensm\u00f6glichkeiten der betroffenen Personen und insbesondere der Kinder zu verbessern.<\/p>\n<p>Der aktuelle Armuts- und Sozialbericht des Landes NRW kommt daher auch zu dem Ergebnis: Armut ist eine gesamtgesellschaftliche Herausforderung und f\u00fcr jede Kommune, insbesondere im Ruhrgebiet, sind die Folgen zu sp\u00fcren.<\/p>\n<p>Hier muss es bald eine landesweite Strategie geben, die es nicht nur bei Worten bel\u00e4sst.<\/p>\n<p>Ein weiterer Impuls in der Sitzung des Sozialausschusses war der bisherige Bestand von Selbsthilfegruppen f\u00fcr Angeh\u00f6rige von an Demenz erkrankten Menschen.<\/p>\n<p>Hier herrscht deutlich h\u00f6herer Bedarf.<\/p>\n<p>Die SPD-Fraktion hat daher in der Ausschusssitzung einen Antrag an die Verwaltung gestellt, sich beim Gesundheitsamt im Kreis Unna f\u00fcr die Einrichtung einer weiteren Selbsthilfegruppe einzusetzen.<\/p>\n<p>Die Verwaltung hat zugesagt, sich zeitnah darum zu k\u00fcmmern.<\/p>\n<p><a href=\"https:\/\/www.spd-ortsverein-noerdliches-schwerte-holzen.de\/wp-content\/uploads\/2023\/05\/IMG_1277.jpeg\"><img loading=\"lazy\" decoding=\"async\" class=\"alignnone size-medium wp-image-6901\" src=\"https:\/\/www.spd-ortsverein-noerdliches-schwerte-holzen.de\/wp-content\/uploads\/2023\/05\/IMG_1277-250x300.jpeg\" alt=\"\" width=\"250\" height=\"300\" srcset=\"https:\/\/www.spd-ortsverein-noerdliches-schwerte-holzen.de\/wp-content\/uploads\/2023\/05\/IMG_1277-250x300.jpeg 250w, https:\/\/www.spd-ortsverein-noerdliches-schwerte-holzen.de\/wp-content\/uploads\/2023\/05\/IMG_1277-854x1024.jpeg 854w, https:\/\/www.spd-ortsverein-noerdliches-schwerte-holzen.de\/wp-content\/uploads\/2023\/05\/IMG_1277-768x920.jpeg 768w, https:\/\/www.spd-ortsverein-noerdliches-schwerte-holzen.de\/wp-content\/uploads\/2023\/05\/IMG_1277-1282x1536.jpeg 1282w, https:\/\/www.spd-ortsverein-noerdliches-schwerte-holzen.de\/wp-content\/uploads\/2023\/05\/IMG_1277-1709x2048.jpeg 1709w, https:\/\/www.spd-ortsverein-noerdliches-schwerte-holzen.de\/wp-content\/uploads\/2023\/05\/IMG_1277.jpeg 1803w\" sizes=\"auto, (max-width: 250px) 100vw, 250px\" \/><\/a><\/p>\n<p>&nbsp;<\/p>\n","protected":false},"excerpt":{"rendered":"<p>Pressemeldung der SPD zur Sozialausschusssitzung am 27.4.2023 Ein besseres Leben f\u00fcr benachteiligte Menschen in Schwerte! Nach einem sehr engagierten und interessanten Vortrag von Herbert D\u00f6hrmann von der Werkstatt Unna \u00fcber ein Projekt im Kreis Unna zur Bek\u00e4mpfung von Armutsfolgen freuen sich die Mitglieder der SPD-Fraktion im Sozialausschuss, dass sich die Stadt Schwerte nun auch bei [&hellip;]<\/p>\n","protected":false},"author":3,"featured_media":6901,"comment_status":"closed","ping_status":"closed","sticky":false,"template":"","format":"standard","meta":{"footnotes":""},"categories":[1,3],"tags":[],"class_list":["post-6900","post","type-post","status-publish","format-standard","has-post-thumbnail","hentry","category-allgemein","category-leitartikel"],"_links":{"self":[{"href":"https:\/\/www.spd-ortsverein-noerdliches-schwerte-holzen.de\/index.php?rest_route=\/wp\/v2\/posts\/6900","targetHints":{"allow":["GET"]}}],"collection":[{"href":"https:\/\/www.spd-ortsverein-noerdliches-schwerte-holzen.de\/index.php?rest_route=\/wp\/v2\/posts"}],"about":[{"href":"https:\/\/www.spd-ortsverein-noerdliches-schwerte-holzen.de\/index.php?rest_route=\/wp\/v2\/types\/post"}],"author":[{"embeddable":true,"href":"https:\/\/www.spd-ortsverein-noerdliches-schwerte-holzen.de\/index.php?rest_route=\/wp\/v2\/users\/3"}],"replies":[{"embeddable":true,"href":"https:\/\/www.spd-ortsverein-noerdliches-schwerte-holzen.de\/index.php?rest_route=%2Fwp%2Fv2%2Fcomments&post=6900"}],"version-history":[{"count":2,"href":"https:\/\/www.spd-ortsverein-noerdliches-schwerte-holzen.de\/index.php?rest_route=\/wp\/v2\/posts\/6900\/revisions"}],"predecessor-version":[{"id":6903,"href":"https:\/\/www.spd-ortsverein-noerdliches-schwerte-holzen.de\/index.php?rest_route=\/wp\/v2\/posts\/6900\/revisions\/6903"}],"wp:featuredmedia":[{"embeddable":true,"href":"https:\/\/www.spd-ortsverein-noerdliches-schwerte-holzen.de\/index.php?rest_route=\/wp\/v2\/media\/6901"}],"wp:attachment":[{"href":"https:\/\/www.spd-ortsverein-noerdliches-schwerte-holzen.de\/index.php?rest_route=%2Fwp%2Fv2%2Fmedia&parent=6900"}],"wp:term":[{"taxonomy":"category","embeddable":true,"href":"https:\/\/www.spd-ortsverein-noerdliches-schwerte-holzen.de\/index.php?rest_route=%2Fwp%2Fv2%2Fcategories&post=6900"},{"taxonomy":"post_tag","embeddable":true,"href":"https:\/\/www.spd-ortsverein-noerdliches-schwerte-holzen.de\/index.php?rest_route=%2Fwp%2Fv2%2Ftags&post=6900"}],"curies":[{"name":"wp","href":"https:\/\/api.w.org\/{rel}","templated":true}]}}