{"id":6904,"date":"2023-05-02T22:09:38","date_gmt":"2023-05-02T20:09:38","guid":{"rendered":"https:\/\/www.spd-ortsverein-noerdliches-schwerte-holzen.de\/?p=6904"},"modified":"2023-05-03T22:16:54","modified_gmt":"2023-05-03T20:16:54","slug":"ausschuss-fuer-buergeranregungen-und-beschwerden","status":"publish","type":"post","link":"https:\/\/www.spd-ortsverein-noerdliches-schwerte-holzen.de\/?p=6904","title":{"rendered":"Ausschuss f\u00fcr B\u00fcrgeranregungen und Beschwerden"},"content":{"rendered":"<p>Heute ging es im Ausschuss f\u00fcr B\u00fcrgeranregungen und Beschwerden um die Statistik dar\u00fcber, wie und weshalb sich die B\u00fcrgerinnen und B\u00fcrger bei der Stadt Schwerte melden.<\/p>\n<p>Von M\u00fcll- bis Stra\u00dfenproblemen oder sogar Tierk\u00f6rperbeseitigung war dabei alles vertreten.<\/p>\n<p>Hier noch mal die Kontaktdaten der Anlaufstelle: 02304\/104333 oder unter <a href=\"https:\/\/service-portal.schwerte.de\/\">https:\/\/service-portal.schwerte.de\/<\/a><\/p>\n<p>Zus\u00e4tzlich ging es um B\u00fcrgerinnen-Anfragen dar\u00fcber, ob f\u00fcr Seniorinnen und Senioren genug getan wird sowie \u00fcber die Schwerter Tafel.<\/p>\n<p>Die Tafel braucht dringend mehr Geld, da die Spendenbereitschaft leider gesunken ist.<\/p>\n<p>Einige andere Antr\u00e4ge gehen auch noch als Info in den Sozialausschuss.<\/p>\n<p>Insgesamt tagte der Ausschuss heute zwei Stunden lang.<\/p>\n<p>Gru\u00df Ratsmitglied Uwe G\u00f6rke-Gott&nbsp;<\/p>\n","protected":false},"excerpt":{"rendered":"<p>Heute ging es im Ausschuss f\u00fcr B\u00fcrgeranregungen und Beschwerden um die Statistik dar\u00fcber, wie und weshalb sich die B\u00fcrgerinnen und B\u00fcrger bei der Stadt Schwerte melden. Von M\u00fcll- bis Stra\u00dfenproblemen oder sogar Tierk\u00f6rperbeseitigung war dabei alles vertreten. Hier noch mal die Kontaktdaten der Anlaufstelle: 02304\/104333 oder unter https:\/\/service-portal.schwerte.de\/ Zus\u00e4tzlich ging es um B\u00fcrgerinnen-Anfragen dar\u00fcber, ob [&hellip;]<\/p>\n","protected":false},"author":3,"featured_media":6905,"comment_status":"closed","ping_status":"closed","sticky":false,"template":"","format":"standard","meta":{"footnotes":""},"categories":[1,3],"tags":[],"class_list":["post-6904","post","type-post","status-publish","format-standard","has-post-thumbnail","hentry","category-allgemein","category-leitartikel"],"_links":{"self":[{"href":"https:\/\/www.spd-ortsverein-noerdliches-schwerte-holzen.de\/index.php?rest_route=\/wp\/v2\/posts\/6904","targetHints":{"allow":["GET"]}}],"collection":[{"href":"https:\/\/www.spd-ortsverein-noerdliches-schwerte-holzen.de\/index.php?rest_route=\/wp\/v2\/posts"}],"about":[{"href":"https:\/\/www.spd-ortsverein-noerdliches-schwerte-holzen.de\/index.php?rest_route=\/wp\/v2\/types\/post"}],"author":[{"embeddable":true,"href":"https:\/\/www.spd-ortsverein-noerdliches-schwerte-holzen.de\/index.php?rest_route=\/wp\/v2\/users\/3"}],"replies":[{"embeddable":true,"href":"https:\/\/www.spd-ortsverein-noerdliches-schwerte-holzen.de\/index.php?rest_route=%2Fwp%2Fv2%2Fcomments&post=6904"}],"version-history":[{"count":2,"href":"https:\/\/www.spd-ortsverein-noerdliches-schwerte-holzen.de\/index.php?rest_route=\/wp\/v2\/posts\/6904\/revisions"}],"predecessor-version":[{"id":6907,"href":"https:\/\/www.spd-ortsverein-noerdliches-schwerte-holzen.de\/index.php?rest_route=\/wp\/v2\/posts\/6904\/revisions\/6907"}],"wp:featuredmedia":[{"embeddable":true,"href":"https:\/\/www.spd-ortsverein-noerdliches-schwerte-holzen.de\/index.php?rest_route=\/wp\/v2\/media\/6905"}],"wp:attachment":[{"href":"https:\/\/www.spd-ortsverein-noerdliches-schwerte-holzen.de\/index.php?rest_route=%2Fwp%2Fv2%2Fmedia&parent=6904"}],"wp:term":[{"taxonomy":"category","embeddable":true,"href":"https:\/\/www.spd-ortsverein-noerdliches-schwerte-holzen.de\/index.php?rest_route=%2Fwp%2Fv2%2Fcategories&post=6904"},{"taxonomy":"post_tag","embeddable":true,"href":"https:\/\/www.spd-ortsverein-noerdliches-schwerte-holzen.de\/index.php?rest_route=%2Fwp%2Fv2%2Ftags&post=6904"}],"curies":[{"name":"wp","href":"https:\/\/api.w.org\/{rel}","templated":true}]}}