{"id":6908,"date":"2023-05-03T20:31:04","date_gmt":"2023-05-03T18:31:04","guid":{"rendered":"https:\/\/www.spd-ortsverein-noerdliches-schwerte-holzen.de\/?p=6908"},"modified":"2023-05-03T20:33:55","modified_gmt":"2023-05-03T18:33:55","slug":"kommunalpolitische-vereinigung-der-spd-trifft-sich-in-kamen-lebenswerte-staedte-und-gemeinden-brauchen-eine-gute-finanzielle-basis","status":"publish","type":"post","link":"https:\/\/www.spd-ortsverein-noerdliches-schwerte-holzen.de\/?p=6908","title":{"rendered":"Lebenswerte St\u00e4dte und Gemeinden brauchen eine gute finanzielle Basis"},"content":{"rendered":"<p style=\"font-weight: 400;\">Kommunalpolitische Vereinigung der SPD trifft sich in Kamen<\/p>\n<p style=\"font-weight: 400;\"><span style=\"color: #ff0000;\"><strong>Lebenswerte St\u00e4dte und Gemeinden brauchen eine gute finanzielle Basis<\/strong><\/span><\/p>\n<p>\u201eOhne eine Verbesserung der kommunalen Finanzen, insbesondere im kreisangeh\u00f6rigen Raum, wird die Gestaltung \u00f6ffentlicher Daseinsf\u00fcrsorge in Zukunft immer schwieriger werden\u201c, fasste Daniel Heidler, Vorsitzender der Sozialdemokratischen Gemeinschaft f\u00fcr Kommunalpolitik (SGK), die Situation zusammen.<\/p>\n<p style=\"font-weight: 400;\">Zu diesem Thema trafen sich die Kommunalen aus dem Kreis Unna mit dem kommunalpolitischen Sprecher der SPD-Landtagsfraktion Justus Moor in Kamen. Im Grunde w\u00e4re es sinnvoll, das Dickicht der unz\u00e4hligen F\u00f6rderprogramme zu lichten und das Geld direkt in die Kommunen zu geben. Die kommunalen R\u00e4te wissen am besten, was ben\u00f6tigt wird und m\u00fcssen dies vor den Menschen vor Ort rechtfertigen k\u00f6nnen. Das ist das Wesen einer lokalen Demokratie, so Daniel Heidler.<\/p>\n<p style=\"font-weight: 400;\">Zu dieser echten \u201eechten\u201c Verwaltungsvereinfachung, so der Landtagsabgeordnete aus der Nachbarstadt Hamm, kann sich die Landesregierung nicht durchringen &#8211; zum Nachteil der Kommunen. Weitere Kritikpunkte: Die Programme haben auch oft eine zu kurze Laufzeit. Hier w\u00e4ren vor dem Hintergrund einer nachhaltigen Stadtentwicklung f\u00fcnf Jahre fachlich angemessen, so die Einsch\u00e4tzung der Kamener B\u00fcrgermeisterin Elke Kappen. Insgesamt seien die vielen F\u00f6rderprogramme des Landes ohnehin ein Problem: \u201eDa behalten nur die Kommunen den \u00dcberblick, die daf\u00fcr Personal einstellen k\u00f6nnen. Justus Moor sieht die \u00dcbernahme der kommunalen Altschulden und die St\u00e4rkung der Investitionskraft als zwei Seiten einer Medaille: \u201eDie CDU\/Gr\u00fcne Koalition hat bisher keine Idee entwickelt, wie die Kommunen von den hohen Altschulden befreit werden k\u00f6nnen, die zugleich der Grund daf\u00fcr sind, dass Eigenanteile bei kommunalen Finanzf\u00f6rdert\u00f6pfen nicht erbracht werden k\u00f6nnen. Damit haben Kommunen, die \u00fcber Jahre die Folgen des Strukturwandels zu bew\u00e4ltigen hatten, gleich doppelt das Nachsehen.\u201c so Justus Moor.<\/p>\n<p>(Sozialdemokratische Gemeinschaft f\u00fcr Kommunalpolitik Kreisverband Unna)&nbsp;<\/p>\n<p><a href=\"https:\/\/www.spd-ortsverein-noerdliches-schwerte-holzen.de\/wp-content\/uploads\/2023\/05\/IMG_1469.jpeg\"><img loading=\"lazy\" decoding=\"async\" class=\"alignnone size-medium wp-image-6909\" src=\"https:\/\/www.spd-ortsverein-noerdliches-schwerte-holzen.de\/wp-content\/uploads\/2023\/05\/IMG_1469-222x300.jpeg\" alt=\"\" width=\"222\" height=\"300\" srcset=\"https:\/\/www.spd-ortsverein-noerdliches-schwerte-holzen.de\/wp-content\/uploads\/2023\/05\/IMG_1469-222x300.jpeg 222w, https:\/\/www.spd-ortsverein-noerdliches-schwerte-holzen.de\/wp-content\/uploads\/2023\/05\/IMG_1469-756x1024.jpeg 756w, https:\/\/www.spd-ortsverein-noerdliches-schwerte-holzen.de\/wp-content\/uploads\/2023\/05\/IMG_1469-768x1040.jpeg 768w, https:\/\/www.spd-ortsverein-noerdliches-schwerte-holzen.de\/wp-content\/uploads\/2023\/05\/IMG_1469.jpeg 1097w\" sizes=\"auto, (max-width: 222px) 100vw, 222px\" \/><\/a><\/p>\n<p>&nbsp;<\/p>\n<p style=\"font-weight: 400;\">&nbsp;<\/p>\n","protected":false},"excerpt":{"rendered":"<p>Kommunalpolitische Vereinigung der SPD trifft sich in Kamen Lebenswerte St\u00e4dte und Gemeinden brauchen eine gute finanzielle Basis \u201eOhne eine Verbesserung der kommunalen Finanzen, insbesondere im kreisangeh\u00f6rigen Raum, wird die Gestaltung \u00f6ffentlicher Daseinsf\u00fcrsorge in Zukunft immer schwieriger werden\u201c, fasste Daniel Heidler, Vorsitzender der Sozialdemokratischen Gemeinschaft f\u00fcr Kommunalpolitik (SGK), die Situation zusammen. Zu diesem Thema trafen sich [&hellip;]<\/p>\n","protected":false},"author":3,"featured_media":6909,"comment_status":"closed","ping_status":"closed","sticky":false,"template":"","format":"standard","meta":{"footnotes":""},"categories":[1,3],"tags":[],"class_list":["post-6908","post","type-post","status-publish","format-standard","has-post-thumbnail","hentry","category-allgemein","category-leitartikel"],"_links":{"self":[{"href":"https:\/\/www.spd-ortsverein-noerdliches-schwerte-holzen.de\/index.php?rest_route=\/wp\/v2\/posts\/6908","targetHints":{"allow":["GET"]}}],"collection":[{"href":"https:\/\/www.spd-ortsverein-noerdliches-schwerte-holzen.de\/index.php?rest_route=\/wp\/v2\/posts"}],"about":[{"href":"https:\/\/www.spd-ortsverein-noerdliches-schwerte-holzen.de\/index.php?rest_route=\/wp\/v2\/types\/post"}],"author":[{"embeddable":true,"href":"https:\/\/www.spd-ortsverein-noerdliches-schwerte-holzen.de\/index.php?rest_route=\/wp\/v2\/users\/3"}],"replies":[{"embeddable":true,"href":"https:\/\/www.spd-ortsverein-noerdliches-schwerte-holzen.de\/index.php?rest_route=%2Fwp%2Fv2%2Fcomments&post=6908"}],"version-history":[{"count":4,"href":"https:\/\/www.spd-ortsverein-noerdliches-schwerte-holzen.de\/index.php?rest_route=\/wp\/v2\/posts\/6908\/revisions"}],"predecessor-version":[{"id":6913,"href":"https:\/\/www.spd-ortsverein-noerdliches-schwerte-holzen.de\/index.php?rest_route=\/wp\/v2\/posts\/6908\/revisions\/6913"}],"wp:featuredmedia":[{"embeddable":true,"href":"https:\/\/www.spd-ortsverein-noerdliches-schwerte-holzen.de\/index.php?rest_route=\/wp\/v2\/media\/6909"}],"wp:attachment":[{"href":"https:\/\/www.spd-ortsverein-noerdliches-schwerte-holzen.de\/index.php?rest_route=%2Fwp%2Fv2%2Fmedia&parent=6908"}],"wp:term":[{"taxonomy":"category","embeddable":true,"href":"https:\/\/www.spd-ortsverein-noerdliches-schwerte-holzen.de\/index.php?rest_route=%2Fwp%2Fv2%2Fcategories&post=6908"},{"taxonomy":"post_tag","embeddable":true,"href":"https:\/\/www.spd-ortsverein-noerdliches-schwerte-holzen.de\/index.php?rest_route=%2Fwp%2Fv2%2Ftags&post=6908"}],"curies":[{"name":"wp","href":"https:\/\/api.w.org\/{rel}","templated":true}]}}