{"id":6928,"date":"2023-05-06T22:04:37","date_gmt":"2023-05-06T20:04:37","guid":{"rendered":"https:\/\/www.spd-ortsverein-noerdliches-schwerte-holzen.de\/?p=6928"},"modified":"2023-05-06T22:32:39","modified_gmt":"2023-05-06T20:32:39","slug":"doppelter-grund-zum-feiern","status":"publish","type":"post","link":"https:\/\/www.spd-ortsverein-noerdliches-schwerte-holzen.de\/?p=6928","title":{"rendered":"Doppelter Grund zum Feiern"},"content":{"rendered":"<p style=\"font-weight: 400;\">Doppelter Grund zum Feiern: der Schwerter Hanseweg ist er\u00f6ffnet und die Grundsanierung des Alten Rathauses sowie der ehemaligen Marktsch\u00e4nke \/ Ensemble Schwerter Mitte beginnt endlich.<\/p>\n<p style=\"font-weight: 400;\">Die statischen M\u00e4ngel in den historischen Geb\u00e4uden sind so massiv, dass sie nicht mehr betreten werden durften.<\/p>\n<p style=\"font-weight: 400;\">Der Bauzaun steht, als erstes wird das Dach der alten Marktsch\u00e4nke erneuert, dann wird sukzessive die \u00e4u\u00dfere Geb\u00e4udeh\u00fclle grundsaniert.<\/p>\n<p style=\"font-weight: 400;\">Unter den vielen G\u00e4sten heute Mittag: unser B\u00fcrgermeister Axourgos und NRW St\u00e4dtebauministerin Scharrenbach, Thomas Buhl (Vorsitzender des Hansevereins &amp; Vorstandsmitglied Schwerter Mitte) sowie die anderen drei Vorstandsmitglieder der Schwerter Mitte: Tobias B\u00e4cker, Andrea Perlt und Tom Damm.<\/p>\n<p style=\"font-weight: 400;\">Die SPD-Fraktion war auch gut vertreten, nicht zuletzt durch unseren Fraktionsvorsitzenden Marc Seelbach.<\/p>\n<p style=\"font-weight: 400;\"><strong><span style=\"color: #ff0000;\">Es geht voran in Schwerte<\/span><\/strong>!<\/p>\n<p><a href=\"https:\/\/www.spd-ortsverein-noerdliches-schwerte-holzen.de\/wp-content\/uploads\/2023\/05\/Schwerter-Mitte-1-scaled.jpeg\"><img loading=\"lazy\" decoding=\"async\" class=\"alignnone size-medium wp-image-6929\" src=\"https:\/\/www.spd-ortsverein-noerdliches-schwerte-holzen.de\/wp-content\/uploads\/2023\/05\/Schwerter-Mitte-1-225x300.jpeg\" alt=\"\" width=\"225\" height=\"300\" srcset=\"https:\/\/www.spd-ortsverein-noerdliches-schwerte-holzen.de\/wp-content\/uploads\/2023\/05\/Schwerter-Mitte-1-225x300.jpeg 225w, https:\/\/www.spd-ortsverein-noerdliches-schwerte-holzen.de\/wp-content\/uploads\/2023\/05\/Schwerter-Mitte-1-768x1024.jpeg 768w, https:\/\/www.spd-ortsverein-noerdliches-schwerte-holzen.de\/wp-content\/uploads\/2023\/05\/Schwerter-Mitte-1-1152x1536.jpeg 1152w, https:\/\/www.spd-ortsverein-noerdliches-schwerte-holzen.de\/wp-content\/uploads\/2023\/05\/Schwerter-Mitte-1-1536x2048.jpeg 1536w, https:\/\/www.spd-ortsverein-noerdliches-schwerte-holzen.de\/wp-content\/uploads\/2023\/05\/Schwerter-Mitte-1-scaled.jpeg 1920w\" sizes=\"auto, (max-width: 225px) 100vw, 225px\" \/><\/a><\/p>\n<p><a href=\"https:\/\/www.spd-ortsverein-noerdliches-schwerte-holzen.de\/wp-content\/uploads\/2023\/05\/Schwerter-Mitte-2-scaled.jpeg\"><img loading=\"lazy\" decoding=\"async\" class=\"alignnone size-medium wp-image-6930\" src=\"https:\/\/www.spd-ortsverein-noerdliches-schwerte-holzen.de\/wp-content\/uploads\/2023\/05\/Schwerter-Mitte-2-225x300.jpeg\" alt=\"\" width=\"225\" height=\"300\" srcset=\"https:\/\/www.spd-ortsverein-noerdliches-schwerte-holzen.de\/wp-content\/uploads\/2023\/05\/Schwerter-Mitte-2-225x300.jpeg 225w, https:\/\/www.spd-ortsverein-noerdliches-schwerte-holzen.de\/wp-content\/uploads\/2023\/05\/Schwerter-Mitte-2-768x1024.jpeg 768w, https:\/\/www.spd-ortsverein-noerdliches-schwerte-holzen.de\/wp-content\/uploads\/2023\/05\/Schwerter-Mitte-2-1152x1536.jpeg 1152w, https:\/\/www.spd-ortsverein-noerdliches-schwerte-holzen.de\/wp-content\/uploads\/2023\/05\/Schwerter-Mitte-2-1536x2048.jpeg 1536w, https:\/\/www.spd-ortsverein-noerdliches-schwerte-holzen.de\/wp-content\/uploads\/2023\/05\/Schwerter-Mitte-2-scaled.jpeg 1920w\" sizes=\"auto, (max-width: 225px) 100vw, 225px\" \/><\/a><\/p>\n<p><a href=\"https:\/\/www.spd-ortsverein-noerdliches-schwerte-holzen.de\/wp-content\/uploads\/2023\/05\/IMG_6929-scaled.jpeg\"><img loading=\"lazy\" decoding=\"async\" class=\"alignnone size-medium wp-image-6948\" src=\"https:\/\/www.spd-ortsverein-noerdliches-schwerte-holzen.de\/wp-content\/uploads\/2023\/05\/IMG_6929-225x300.jpeg\" alt=\"\" width=\"225\" height=\"300\" srcset=\"https:\/\/www.spd-ortsverein-noerdliches-schwerte-holzen.de\/wp-content\/uploads\/2023\/05\/IMG_6929-225x300.jpeg 225w, https:\/\/www.spd-ortsverein-noerdliches-schwerte-holzen.de\/wp-content\/uploads\/2023\/05\/IMG_6929-768x1024.jpeg 768w, https:\/\/www.spd-ortsverein-noerdliches-schwerte-holzen.de\/wp-content\/uploads\/2023\/05\/IMG_6929-1152x1536.jpeg 1152w, https:\/\/www.spd-ortsverein-noerdliches-schwerte-holzen.de\/wp-content\/uploads\/2023\/05\/IMG_6929-1536x2048.jpeg 1536w, https:\/\/www.spd-ortsverein-noerdliches-schwerte-holzen.de\/wp-content\/uploads\/2023\/05\/IMG_6929-scaled.jpeg 1920w\" sizes=\"auto, (max-width: 225px) 100vw, 225px\" \/><\/a> <a href=\"https:\/\/www.spd-ortsverein-noerdliches-schwerte-holzen.de\/wp-content\/uploads\/2023\/05\/IMG_6936-scaled.jpeg\"><img loading=\"lazy\" decoding=\"async\" class=\"alignnone size-medium wp-image-6949\" src=\"https:\/\/www.spd-ortsverein-noerdliches-schwerte-holzen.de\/wp-content\/uploads\/2023\/05\/IMG_6936-300x225.jpeg\" alt=\"\" width=\"300\" height=\"225\" srcset=\"https:\/\/www.spd-ortsverein-noerdliches-schwerte-holzen.de\/wp-content\/uploads\/2023\/05\/IMG_6936-300x225.jpeg 300w, https:\/\/www.spd-ortsverein-noerdliches-schwerte-holzen.de\/wp-content\/uploads\/2023\/05\/IMG_6936-1024x768.jpeg 1024w, https:\/\/www.spd-ortsverein-noerdliches-schwerte-holzen.de\/wp-content\/uploads\/2023\/05\/IMG_6936-768x576.jpeg 768w, https:\/\/www.spd-ortsverein-noerdliches-schwerte-holzen.de\/wp-content\/uploads\/2023\/05\/IMG_6936-1536x1152.jpeg 1536w, https:\/\/www.spd-ortsverein-noerdliches-schwerte-holzen.de\/wp-content\/uploads\/2023\/05\/IMG_6936-2048x1536.jpeg 2048w\" sizes=\"auto, (max-width: 300px) 100vw, 300px\" \/><\/a> <a href=\"https:\/\/www.spd-ortsverein-noerdliches-schwerte-holzen.de\/wp-content\/uploads\/2023\/05\/IMG_6934-scaled.jpeg\"><img loading=\"lazy\" decoding=\"async\" class=\"alignnone size-medium wp-image-6950\" src=\"https:\/\/www.spd-ortsverein-noerdliches-schwerte-holzen.de\/wp-content\/uploads\/2023\/05\/IMG_6934-300x225.jpeg\" alt=\"\" width=\"300\" height=\"225\" srcset=\"https:\/\/www.spd-ortsverein-noerdliches-schwerte-holzen.de\/wp-content\/uploads\/2023\/05\/IMG_6934-300x225.jpeg 300w, https:\/\/www.spd-ortsverein-noerdliches-schwerte-holzen.de\/wp-content\/uploads\/2023\/05\/IMG_6934-1024x768.jpeg 1024w, https:\/\/www.spd-ortsverein-noerdliches-schwerte-holzen.de\/wp-content\/uploads\/2023\/05\/IMG_6934-768x576.jpeg 768w, https:\/\/www.spd-ortsverein-noerdliches-schwerte-holzen.de\/wp-content\/uploads\/2023\/05\/IMG_6934-1536x1152.jpeg 1536w, https:\/\/www.spd-ortsverein-noerdliches-schwerte-holzen.de\/wp-content\/uploads\/2023\/05\/IMG_6934-2048x1536.jpeg 2048w\" sizes=\"auto, (max-width: 300px) 100vw, 300px\" \/><\/a> <a href=\"https:\/\/www.spd-ortsverein-noerdliches-schwerte-holzen.de\/wp-content\/uploads\/2023\/05\/IMG_6930-scaled.jpeg\"><img loading=\"lazy\" decoding=\"async\" class=\"alignnone size-medium wp-image-6951\" src=\"https:\/\/www.spd-ortsverein-noerdliches-schwerte-holzen.de\/wp-content\/uploads\/2023\/05\/IMG_6930-225x300.jpeg\" alt=\"\" width=\"225\" height=\"300\" srcset=\"https:\/\/www.spd-ortsverein-noerdliches-schwerte-holzen.de\/wp-content\/uploads\/2023\/05\/IMG_6930-225x300.jpeg 225w, https:\/\/www.spd-ortsverein-noerdliches-schwerte-holzen.de\/wp-content\/uploads\/2023\/05\/IMG_6930-768x1024.jpeg 768w, https:\/\/www.spd-ortsverein-noerdliches-schwerte-holzen.de\/wp-content\/uploads\/2023\/05\/IMG_6930-1152x1536.jpeg 1152w, https:\/\/www.spd-ortsverein-noerdliches-schwerte-holzen.de\/wp-content\/uploads\/2023\/05\/IMG_6930-1536x2048.jpeg 1536w, https:\/\/www.spd-ortsverein-noerdliches-schwerte-holzen.de\/wp-content\/uploads\/2023\/05\/IMG_6930-scaled.jpeg 1920w\" sizes=\"auto, (max-width: 225px) 100vw, 225px\" \/><\/a><\/p>\n<p>&nbsp;<\/p>\n<p>&nbsp;<\/p>\n<p style=\"font-weight: 400;\">&nbsp;<\/p>\n","protected":false},"excerpt":{"rendered":"<p>Doppelter Grund zum Feiern: der Schwerter Hanseweg ist er\u00f6ffnet und die Grundsanierung des Alten Rathauses sowie der ehemaligen Marktsch\u00e4nke \/ Ensemble Schwerter Mitte beginnt endlich. Die statischen M\u00e4ngel in den historischen Geb\u00e4uden sind so massiv, dass sie nicht mehr betreten werden durften. Der Bauzaun steht, als erstes wird das Dach der alten Marktsch\u00e4nke erneuert, dann [&hellip;]<\/p>\n","protected":false},"author":3,"featured_media":6930,"comment_status":"closed","ping_status":"closed","sticky":false,"template":"","format":"standard","meta":{"footnotes":""},"categories":[1,3],"tags":[],"class_list":["post-6928","post","type-post","status-publish","format-standard","has-post-thumbnail","hentry","category-allgemein","category-leitartikel"],"_links":{"self":[{"href":"https:\/\/www.spd-ortsverein-noerdliches-schwerte-holzen.de\/index.php?rest_route=\/wp\/v2\/posts\/6928","targetHints":{"allow":["GET"]}}],"collection":[{"href":"https:\/\/www.spd-ortsverein-noerdliches-schwerte-holzen.de\/index.php?rest_route=\/wp\/v2\/posts"}],"about":[{"href":"https:\/\/www.spd-ortsverein-noerdliches-schwerte-holzen.de\/index.php?rest_route=\/wp\/v2\/types\/post"}],"author":[{"embeddable":true,"href":"https:\/\/www.spd-ortsverein-noerdliches-schwerte-holzen.de\/index.php?rest_route=\/wp\/v2\/users\/3"}],"replies":[{"embeddable":true,"href":"https:\/\/www.spd-ortsverein-noerdliches-schwerte-holzen.de\/index.php?rest_route=%2Fwp%2Fv2%2Fcomments&post=6928"}],"version-history":[{"count":4,"href":"https:\/\/www.spd-ortsverein-noerdliches-schwerte-holzen.de\/index.php?rest_route=\/wp\/v2\/posts\/6928\/revisions"}],"predecessor-version":[{"id":6952,"href":"https:\/\/www.spd-ortsverein-noerdliches-schwerte-holzen.de\/index.php?rest_route=\/wp\/v2\/posts\/6928\/revisions\/6952"}],"wp:featuredmedia":[{"embeddable":true,"href":"https:\/\/www.spd-ortsverein-noerdliches-schwerte-holzen.de\/index.php?rest_route=\/wp\/v2\/media\/6930"}],"wp:attachment":[{"href":"https:\/\/www.spd-ortsverein-noerdliches-schwerte-holzen.de\/index.php?rest_route=%2Fwp%2Fv2%2Fmedia&parent=6928"}],"wp:term":[{"taxonomy":"category","embeddable":true,"href":"https:\/\/www.spd-ortsverein-noerdliches-schwerte-holzen.de\/index.php?rest_route=%2Fwp%2Fv2%2Fcategories&post=6928"},{"taxonomy":"post_tag","embeddable":true,"href":"https:\/\/www.spd-ortsverein-noerdliches-schwerte-holzen.de\/index.php?rest_route=%2Fwp%2Fv2%2Ftags&post=6928"}],"curies":[{"name":"wp","href":"https:\/\/api.w.org\/{rel}","templated":true}]}}