{"id":6955,"date":"2023-05-08T09:22:55","date_gmt":"2023-05-08T07:22:55","guid":{"rendered":"https:\/\/www.spd-ortsverein-noerdliches-schwerte-holzen.de\/?p=6955"},"modified":"2023-05-09T12:59:23","modified_gmt":"2023-05-09T10:59:23","slug":"8-mai-tag-der-befreiung","status":"publish","type":"post","link":"https:\/\/www.spd-ortsverein-noerdliches-schwerte-holzen.de\/?p=6955","title":{"rendered":"8. Mai -Tag der Befreiung"},"content":{"rendered":"<p>&#8222;Der 8 Mai 1945 brachte uns die Befreiung von der nationalsozialistischen Gewaltherrschaft&#8220;, sagte Helmut Schmidt 1975.<\/p>\n<p>&#8222;Wir Deutsche sind daf\u00fcr bis heute dankbar&#8220;, sagt Bundeskanzler Olaf Scholz \u00fcber den milit\u00e4rischen Sieg der Alliierten, der die Nazi-Diktatur beendete.<\/p>\n<p>Au\u00dfenstelle des KZ Buchenwald Schwerte<\/p>\n<p>Tag der Befreiung<\/p>\n<p>Heute am Tag der Befreiung fand an der Au\u00dfenstelle des KZ Buchenwald eine bewegende Gedenkveranstaltung statt mit Redebeitr\u00e4gen von Pfarrer Fritz-G\u00fcnter Held von der Friedensinitiative, vom stellv. B\u00fcrgermeister Hans Haberschuss und von Nele Blase f\u00fcr &#8222;Schwerte gegen Rechts&#8220; .<\/p>\n<p>Musikalisch erfolgte die Begleitung durch Heike Meering-Breuer und Thorsten Hohagen.<\/p>\n<p>#gedenken #erinnerung #buchenwald #gedenkst\u00e4tte #schwerte #spd&nbsp;<\/p>\n<p>Der 8. Mai -Tag der Befreiung<\/p>\n<p>Nie wieder Faschismus<\/p>\n<p>Nie wieder Krieg&#x1f3f3;&#xfe0f;&#x200d;&#x1f308;&#x1f1e9;&#x1f1ea;&#x1f54a;<\/p>\n<p><a href=\"https:\/\/www.spd-ortsverein-noerdliches-schwerte-holzen.de\/wp-content\/uploads\/2023\/05\/IMG_1632.jpeg\"><img loading=\"lazy\" decoding=\"async\" class=\"alignnone size-medium wp-image-6980\" src=\"https:\/\/www.spd-ortsverein-noerdliches-schwerte-holzen.de\/wp-content\/uploads\/2023\/05\/IMG_1632-205x300.jpeg\" alt=\"\" width=\"205\" height=\"300\" srcset=\"https:\/\/www.spd-ortsverein-noerdliches-schwerte-holzen.de\/wp-content\/uploads\/2023\/05\/IMG_1632-205x300.jpeg 205w, https:\/\/www.spd-ortsverein-noerdliches-schwerte-holzen.de\/wp-content\/uploads\/2023\/05\/IMG_1632-700x1024.jpeg 700w, https:\/\/www.spd-ortsverein-noerdliches-schwerte-holzen.de\/wp-content\/uploads\/2023\/05\/IMG_1632.jpeg 750w\" sizes=\"auto, (max-width: 205px) 100vw, 205px\" \/><\/a><\/p>\n<p><a href=\"https:\/\/www.spd-ortsverein-noerdliches-schwerte-holzen.de\/wp-content\/uploads\/2023\/05\/IMG_1633.jpeg\"><img loading=\"lazy\" decoding=\"async\" class=\"alignnone size-medium wp-image-6984\" src=\"https:\/\/www.spd-ortsverein-noerdliches-schwerte-holzen.de\/wp-content\/uploads\/2023\/05\/IMG_1633-232x300.jpeg\" alt=\"\" width=\"232\" height=\"300\" srcset=\"https:\/\/www.spd-ortsverein-noerdliches-schwerte-holzen.de\/wp-content\/uploads\/2023\/05\/IMG_1633-232x300.jpeg 232w, https:\/\/www.spd-ortsverein-noerdliches-schwerte-holzen.de\/wp-content\/uploads\/2023\/05\/IMG_1633-791x1024.jpeg 791w, https:\/\/www.spd-ortsverein-noerdliches-schwerte-holzen.de\/wp-content\/uploads\/2023\/05\/IMG_1633-768x994.jpeg 768w, https:\/\/www.spd-ortsverein-noerdliches-schwerte-holzen.de\/wp-content\/uploads\/2023\/05\/IMG_1633-1187x1536.jpeg 1187w, https:\/\/www.spd-ortsverein-noerdliches-schwerte-holzen.de\/wp-content\/uploads\/2023\/05\/IMG_1633.jpeg 1290w\" sizes=\"auto, (max-width: 232px) 100vw, 232px\" \/><\/a> <a href=\"https:\/\/www.spd-ortsverein-noerdliches-schwerte-holzen.de\/wp-content\/uploads\/2023\/05\/IMG_1635.jpeg\"><img loading=\"lazy\" decoding=\"async\" class=\"alignnone size-medium wp-image-6985\" src=\"https:\/\/www.spd-ortsverein-noerdliches-schwerte-holzen.de\/wp-content\/uploads\/2023\/05\/IMG_1635-247x300.jpeg\" alt=\"\" width=\"247\" height=\"300\" srcset=\"https:\/\/www.spd-ortsverein-noerdliches-schwerte-holzen.de\/wp-content\/uploads\/2023\/05\/IMG_1635-247x300.jpeg 247w, https:\/\/www.spd-ortsverein-noerdliches-schwerte-holzen.de\/wp-content\/uploads\/2023\/05\/IMG_1635-844x1024.jpeg 844w, https:\/\/www.spd-ortsverein-noerdliches-schwerte-holzen.de\/wp-content\/uploads\/2023\/05\/IMG_1635-768x932.jpeg 768w, https:\/\/www.spd-ortsverein-noerdliches-schwerte-holzen.de\/wp-content\/uploads\/2023\/05\/IMG_1635-1266x1536.jpeg 1266w, https:\/\/www.spd-ortsverein-noerdliches-schwerte-holzen.de\/wp-content\/uploads\/2023\/05\/IMG_1635.jpeg 1289w\" sizes=\"auto, (max-width: 247px) 100vw, 247px\" \/><\/a><br \/>\n<a href=\"https:\/\/www.spd-ortsverein-noerdliches-schwerte-holzen.de\/wp-content\/uploads\/2023\/05\/IMG_1647.jpeg\"><img loading=\"lazy\" decoding=\"async\" class=\"alignnone size-medium wp-image-6989\" src=\"https:\/\/www.spd-ortsverein-noerdliches-schwerte-holzen.de\/wp-content\/uploads\/2023\/05\/IMG_1647-300x300.jpeg\" alt=\"\" width=\"300\" height=\"300\" srcset=\"https:\/\/www.spd-ortsverein-noerdliches-schwerte-holzen.de\/wp-content\/uploads\/2023\/05\/IMG_1647-300x300.jpeg 300w, https:\/\/www.spd-ortsverein-noerdliches-schwerte-holzen.de\/wp-content\/uploads\/2023\/05\/IMG_1647-1024x1024.jpeg 1024w, https:\/\/www.spd-ortsverein-noerdliches-schwerte-holzen.de\/wp-content\/uploads\/2023\/05\/IMG_1647-150x150.jpeg 150w, https:\/\/www.spd-ortsverein-noerdliches-schwerte-holzen.de\/wp-content\/uploads\/2023\/05\/IMG_1647-768x768.jpeg 768w, https:\/\/www.spd-ortsverein-noerdliches-schwerte-holzen.de\/wp-content\/uploads\/2023\/05\/IMG_1647-60x60.jpeg 60w, https:\/\/www.spd-ortsverein-noerdliches-schwerte-holzen.de\/wp-content\/uploads\/2023\/05\/IMG_1647.jpeg 1440w\" sizes=\"auto, (max-width: 300px) 100vw, 300px\" \/><\/a><\/p>\n","protected":false},"excerpt":{"rendered":"<p>&#8222;Der 8 Mai 1945 brachte uns die Befreiung von der nationalsozialistischen Gewaltherrschaft&#8220;, sagte Helmut Schmidt 1975. &#8222;Wir Deutsche sind daf\u00fcr bis heute dankbar&#8220;, sagt Bundeskanzler Olaf Scholz \u00fcber den milit\u00e4rischen Sieg der Alliierten, der die Nazi-Diktatur beendete. Au\u00dfenstelle des KZ Buchenwald Schwerte Tag der Befreiung Heute am Tag der Befreiung fand an der Au\u00dfenstelle des [&hellip;]<\/p>\n","protected":false},"author":3,"featured_media":6956,"comment_status":"closed","ping_status":"closed","sticky":false,"template":"","format":"standard","meta":{"footnotes":""},"categories":[1,3],"tags":[],"class_list":["post-6955","post","type-post","status-publish","format-standard","has-post-thumbnail","hentry","category-allgemein","category-leitartikel"],"_links":{"self":[{"href":"https:\/\/www.spd-ortsverein-noerdliches-schwerte-holzen.de\/index.php?rest_route=\/wp\/v2\/posts\/6955","targetHints":{"allow":["GET"]}}],"collection":[{"href":"https:\/\/www.spd-ortsverein-noerdliches-schwerte-holzen.de\/index.php?rest_route=\/wp\/v2\/posts"}],"about":[{"href":"https:\/\/www.spd-ortsverein-noerdliches-schwerte-holzen.de\/index.php?rest_route=\/wp\/v2\/types\/post"}],"author":[{"embeddable":true,"href":"https:\/\/www.spd-ortsverein-noerdliches-schwerte-holzen.de\/index.php?rest_route=\/wp\/v2\/users\/3"}],"replies":[{"embeddable":true,"href":"https:\/\/www.spd-ortsverein-noerdliches-schwerte-holzen.de\/index.php?rest_route=%2Fwp%2Fv2%2Fcomments&post=6955"}],"version-history":[{"count":7,"href":"https:\/\/www.spd-ortsverein-noerdliches-schwerte-holzen.de\/index.php?rest_route=\/wp\/v2\/posts\/6955\/revisions"}],"predecessor-version":[{"id":6990,"href":"https:\/\/www.spd-ortsverein-noerdliches-schwerte-holzen.de\/index.php?rest_route=\/wp\/v2\/posts\/6955\/revisions\/6990"}],"wp:featuredmedia":[{"embeddable":true,"href":"https:\/\/www.spd-ortsverein-noerdliches-schwerte-holzen.de\/index.php?rest_route=\/wp\/v2\/media\/6956"}],"wp:attachment":[{"href":"https:\/\/www.spd-ortsverein-noerdliches-schwerte-holzen.de\/index.php?rest_route=%2Fwp%2Fv2%2Fmedia&parent=6955"}],"wp:term":[{"taxonomy":"category","embeddable":true,"href":"https:\/\/www.spd-ortsverein-noerdliches-schwerte-holzen.de\/index.php?rest_route=%2Fwp%2Fv2%2Fcategories&post=6955"},{"taxonomy":"post_tag","embeddable":true,"href":"https:\/\/www.spd-ortsverein-noerdliches-schwerte-holzen.de\/index.php?rest_route=%2Fwp%2Fv2%2Ftags&post=6955"}],"curies":[{"name":"wp","href":"https:\/\/api.w.org\/{rel}","templated":true}]}}