{"id":6987,"date":"2023-05-09T08:56:53","date_gmt":"2023-05-09T06:56:53","guid":{"rendered":"https:\/\/www.spd-ortsverein-noerdliches-schwerte-holzen.de\/?p=6987"},"modified":"2023-05-09T08:56:53","modified_gmt":"2023-05-09T06:56:53","slug":"europatag","status":"publish","type":"post","link":"https:\/\/www.spd-ortsverein-noerdliches-schwerte-holzen.de\/?p=6987","title":{"rendered":"Europatag"},"content":{"rendered":"<p>Vor genau 73 Jahren, am 9. Mai 1950, legte Robert Schumann mit seiner historischen Rede den Grundstein f\u00fcr das vereinte Europa.<\/p>\n<p>Deswegen begehen wir heute den #Europatag.<\/p>\n<p>Was als Idee des damaligen franz\u00f6sischen Au\u00dfenministers zur Gr\u00fcndung einer &#8222;Europ\u00e4ischen Gemeinschaft f\u00fcr Kohle und Stahl&#8220; begann, ist heute eine EU mit 27 Mitgliedstaaten und fast 450 Millionen Menschen geworden.<\/p>\n<p>&nbsp;Die EU weit mehr als der Binnenmarkt ohne Grenzen. Sie steht f\u00fcr Freiheit, Frieden, gemeinsame Werte, Demokratie und Rechtsstaatlichkeit und den Schutz von Menschenrechten.<\/p>\n<p>Angesichts des brutalen Angriffskriegs durch Russland auf die Ukraine haben die Mitgliedsstaaten der Europ\u00e4ischen Union bewiesen, dass sie zusammenstehen, wenn&#8216; s drauf ankommt.<\/p>\n<p>Als gr\u00f6\u00dfter Mitgliedstaat der EU wissen wir: Wir brauchen Europa und Europa braucht uns, nicht nur heute am Europatag.<\/p>\n<p>Dennoch m\u00fcssen uns Bestrebungen einiger L\u00e4nder demokratische Grundnormen abzubauen oder zu konterkarieren immer aufhorchen lassen.<\/p>\n<p>Nicht \u00fcberall werden Freiheitswerte und die Rechte der Parlamente hoch gehalten.<\/p>\n<p>Unser Bundeskanzler &nbsp;Olaf Scholz wird heute am 9. Mai &nbsp;2023 eine Rede im Europ\u00e4ischen Parlament halten.<\/p>\n<p>Es ist gut, dass Deutschland fest in Europa verankert ist.<\/p>\n<p>#eu #europa #demokratie#spd&nbsp;<\/p>\n","protected":false},"excerpt":{"rendered":"<p>Vor genau 73 Jahren, am 9. Mai 1950, legte Robert Schumann mit seiner historischen Rede den Grundstein f\u00fcr das vereinte Europa. Deswegen begehen wir heute den #Europatag. Was als Idee des damaligen franz\u00f6sischen Au\u00dfenministers zur Gr\u00fcndung einer &#8222;Europ\u00e4ischen Gemeinschaft f\u00fcr Kohle und Stahl&#8220; begann, ist heute eine EU mit 27 Mitgliedstaaten und fast 450 Millionen [&hellip;]<\/p>\n","protected":false},"author":3,"featured_media":4717,"comment_status":"closed","ping_status":"closed","sticky":false,"template":"","format":"standard","meta":{"footnotes":""},"categories":[1,3],"tags":[],"class_list":["post-6987","post","type-post","status-publish","format-standard","has-post-thumbnail","hentry","category-allgemein","category-leitartikel"],"_links":{"self":[{"href":"https:\/\/www.spd-ortsverein-noerdliches-schwerte-holzen.de\/index.php?rest_route=\/wp\/v2\/posts\/6987","targetHints":{"allow":["GET"]}}],"collection":[{"href":"https:\/\/www.spd-ortsverein-noerdliches-schwerte-holzen.de\/index.php?rest_route=\/wp\/v2\/posts"}],"about":[{"href":"https:\/\/www.spd-ortsverein-noerdliches-schwerte-holzen.de\/index.php?rest_route=\/wp\/v2\/types\/post"}],"author":[{"embeddable":true,"href":"https:\/\/www.spd-ortsverein-noerdliches-schwerte-holzen.de\/index.php?rest_route=\/wp\/v2\/users\/3"}],"replies":[{"embeddable":true,"href":"https:\/\/www.spd-ortsverein-noerdliches-schwerte-holzen.de\/index.php?rest_route=%2Fwp%2Fv2%2Fcomments&post=6987"}],"version-history":[{"count":1,"href":"https:\/\/www.spd-ortsverein-noerdliches-schwerte-holzen.de\/index.php?rest_route=\/wp\/v2\/posts\/6987\/revisions"}],"predecessor-version":[{"id":6988,"href":"https:\/\/www.spd-ortsverein-noerdliches-schwerte-holzen.de\/index.php?rest_route=\/wp\/v2\/posts\/6987\/revisions\/6988"}],"wp:featuredmedia":[{"embeddable":true,"href":"https:\/\/www.spd-ortsverein-noerdliches-schwerte-holzen.de\/index.php?rest_route=\/wp\/v2\/media\/4717"}],"wp:attachment":[{"href":"https:\/\/www.spd-ortsverein-noerdliches-schwerte-holzen.de\/index.php?rest_route=%2Fwp%2Fv2%2Fmedia&parent=6987"}],"wp:term":[{"taxonomy":"category","embeddable":true,"href":"https:\/\/www.spd-ortsverein-noerdliches-schwerte-holzen.de\/index.php?rest_route=%2Fwp%2Fv2%2Fcategories&post=6987"},{"taxonomy":"post_tag","embeddable":true,"href":"https:\/\/www.spd-ortsverein-noerdliches-schwerte-holzen.de\/index.php?rest_route=%2Fwp%2Fv2%2Ftags&post=6987"}],"curies":[{"name":"wp","href":"https:\/\/api.w.org\/{rel}","templated":true}]}}