{"id":7011,"date":"2023-05-18T08:21:39","date_gmt":"2023-05-18T06:21:39","guid":{"rendered":"https:\/\/www.spd-ortsverein-noerdliches-schwerte-holzen.de\/?p=7011"},"modified":"2023-05-18T08:29:10","modified_gmt":"2023-05-18T06:29:10","slug":"nationale-wasserstrategie","status":"publish","type":"post","link":"https:\/\/www.spd-ortsverein-noerdliches-schwerte-holzen.de\/?p=7011","title":{"rendered":"Nationale Wasserstrategie"},"content":{"rendered":"<p><strong><span style=\"color: #ff0000;\">Nationale Wasserstrategie<\/span><\/strong><\/p>\n<p style=\"font-weight: 400;\">Prof. Dr. Uli Paetzel hat gestern Abend im katholischen Pfarrheim St. Marien in Schwerte einen Fachvortrag zur \u201eNationalen Wasserstrategie\u201c gehalten.<\/p>\n<p style=\"font-weight: 400;\">Mit der Nationalen Wasserstrategie legt die Bundesregierung die Grundlagen f\u00fcr ein modernes Wassermanagement. Angesichts der jetzt schon sp\u00fcrbaren Folgen der Klimakrise will sie damit die nat\u00fcrlichen Wasserreserven Deutschlands sichern.&nbsp;<\/p>\n<p style=\"font-weight: 400;\">Es soll ausreichend und dauerhaft Wasser in guter Qualit\u00e4t f\u00fcr die vielf\u00e4ltige menschliche Nutzung und die \u00d6kosysteme bereitstellen. Prof. Dr. Uli Paetzel ist in seinem Vortrag auf die Herausforderungen der Zukunft der Wasserwirtschaft eingegangen.<\/p>\n<p style=\"font-weight: 400;\">Wasser sei ein Allmendegut \u2013 eine Privatisierung sollte verhindert werden.<\/p>\n<p style=\"font-weight: 400;\">Die SPD Schwerte dankt Prof. Dr. Paetzel f\u00fcr seinen Vortrag.<\/p>\n<p style=\"font-weight: 400;\">Die SPD Schwerte plant einige Antr\u00e4ge zu dieser Thematik einzubringen.<\/p>\n<p><a href=\"https:\/\/www.spd-ortsverein-noerdliches-schwerte-holzen.de\/wp-content\/uploads\/2023\/05\/IMG_5826.jpeg\"><img loading=\"lazy\" decoding=\"async\" class=\"alignnone size-medium wp-image-7012\" src=\"https:\/\/www.spd-ortsverein-noerdliches-schwerte-holzen.de\/wp-content\/uploads\/2023\/05\/IMG_5826-252x300.jpeg\" alt=\"\" width=\"252\" height=\"300\" srcset=\"https:\/\/www.spd-ortsverein-noerdliches-schwerte-holzen.de\/wp-content\/uploads\/2023\/05\/IMG_5826-252x300.jpeg 252w, https:\/\/www.spd-ortsverein-noerdliches-schwerte-holzen.de\/wp-content\/uploads\/2023\/05\/IMG_5826-862x1024.jpeg 862w, https:\/\/www.spd-ortsverein-noerdliches-schwerte-holzen.de\/wp-content\/uploads\/2023\/05\/IMG_5826-768x913.jpeg 768w, https:\/\/www.spd-ortsverein-noerdliches-schwerte-holzen.de\/wp-content\/uploads\/2023\/05\/IMG_5826-1293x1536.jpeg 1293w, https:\/\/www.spd-ortsverein-noerdliches-schwerte-holzen.de\/wp-content\/uploads\/2023\/05\/IMG_5826-1723x2048.jpeg 1723w, https:\/\/www.spd-ortsverein-noerdliches-schwerte-holzen.de\/wp-content\/uploads\/2023\/05\/IMG_5826.jpeg 1864w\" sizes=\"auto, (max-width: 252px) 100vw, 252px\" \/><\/a><\/p>\n","protected":false},"excerpt":{"rendered":"<p>Nationale Wasserstrategie Prof. Dr. Uli Paetzel hat gestern Abend im katholischen Pfarrheim St. Marien in Schwerte einen Fachvortrag zur \u201eNationalen Wasserstrategie\u201c gehalten. Mit der Nationalen Wasserstrategie legt die Bundesregierung die Grundlagen f\u00fcr ein modernes Wassermanagement. Angesichts der jetzt schon sp\u00fcrbaren Folgen der Klimakrise will sie damit die nat\u00fcrlichen Wasserreserven Deutschlands sichern.&nbsp; Es soll ausreichend und [&hellip;]<\/p>\n","protected":false},"author":3,"featured_media":7015,"comment_status":"closed","ping_status":"closed","sticky":false,"template":"","format":"standard","meta":{"footnotes":""},"categories":[1,3],"tags":[],"class_list":["post-7011","post","type-post","status-publish","format-standard","has-post-thumbnail","hentry","category-allgemein","category-leitartikel"],"_links":{"self":[{"href":"https:\/\/www.spd-ortsverein-noerdliches-schwerte-holzen.de\/index.php?rest_route=\/wp\/v2\/posts\/7011","targetHints":{"allow":["GET"]}}],"collection":[{"href":"https:\/\/www.spd-ortsverein-noerdliches-schwerte-holzen.de\/index.php?rest_route=\/wp\/v2\/posts"}],"about":[{"href":"https:\/\/www.spd-ortsverein-noerdliches-schwerte-holzen.de\/index.php?rest_route=\/wp\/v2\/types\/post"}],"author":[{"embeddable":true,"href":"https:\/\/www.spd-ortsverein-noerdliches-schwerte-holzen.de\/index.php?rest_route=\/wp\/v2\/users\/3"}],"replies":[{"embeddable":true,"href":"https:\/\/www.spd-ortsverein-noerdliches-schwerte-holzen.de\/index.php?rest_route=%2Fwp%2Fv2%2Fcomments&post=7011"}],"version-history":[{"count":2,"href":"https:\/\/www.spd-ortsverein-noerdliches-schwerte-holzen.de\/index.php?rest_route=\/wp\/v2\/posts\/7011\/revisions"}],"predecessor-version":[{"id":7014,"href":"https:\/\/www.spd-ortsverein-noerdliches-schwerte-holzen.de\/index.php?rest_route=\/wp\/v2\/posts\/7011\/revisions\/7014"}],"wp:featuredmedia":[{"embeddable":true,"href":"https:\/\/www.spd-ortsverein-noerdliches-schwerte-holzen.de\/index.php?rest_route=\/wp\/v2\/media\/7015"}],"wp:attachment":[{"href":"https:\/\/www.spd-ortsverein-noerdliches-schwerte-holzen.de\/index.php?rest_route=%2Fwp%2Fv2%2Fmedia&parent=7011"}],"wp:term":[{"taxonomy":"category","embeddable":true,"href":"https:\/\/www.spd-ortsverein-noerdliches-schwerte-holzen.de\/index.php?rest_route=%2Fwp%2Fv2%2Fcategories&post=7011"},{"taxonomy":"post_tag","embeddable":true,"href":"https:\/\/www.spd-ortsverein-noerdliches-schwerte-holzen.de\/index.php?rest_route=%2Fwp%2Fv2%2Ftags&post=7011"}],"curies":[{"name":"wp","href":"https:\/\/api.w.org\/{rel}","templated":true}]}}