{"id":7025,"date":"2023-05-25T21:54:36","date_gmt":"2023-05-25T19:54:36","guid":{"rendered":"https:\/\/www.spd-ortsverein-noerdliches-schwerte-holzen.de\/?p=7025"},"modified":"2023-05-25T21:54:36","modified_gmt":"2023-05-25T19:54:36","slug":"sitzung-des-spd-ortsvereins-noerdliches-schwerte-und-holzen","status":"publish","type":"post","link":"https:\/\/www.spd-ortsverein-noerdliches-schwerte-holzen.de\/?p=7025","title":{"rendered":"Sitzung des SPD- Ortsvereins  N\u00f6rdliches Schwerte und Holzen"},"content":{"rendered":"<p><strong><span style=\"color: #ff0000;\">Sitzung des SPD- Ortsvereins N\u00f6rdliches Schwerte und Holzen<\/span><\/strong><\/p>\n<div dir=\"auto\">Eine lange Tagesordnung galt es heute abzuarbeiten.<\/div>\n<div dir=\"auto\">&nbsp;<\/div>\n<div dir=\"auto\">Viele Termine galt es inhaltlich vorzuplanen.<\/div>\n<div dir=\"auto\">&nbsp;<\/div>\n<div dir=\"auto\">Hierzu geh\u00f6ren unter anderem&nbsp; die Beteiligung am&nbsp; Hospizfest <span dir=\"ltr\">am 18.6.<\/span> im Alten Dortmunder Weg und das 160 j\u00e4hrige SPD-Jubil\u00e4um, das auf dem Gel\u00e4nde der Kulturkneipe auf der Heide gefeiert werden wird.&nbsp;<\/div>\n<div dir=\"auto\">&nbsp;<\/div>\n<div dir=\"auto\">Politische Themen aus der Fraktionsarbeit der Rats- und Kreistagsfraktion&nbsp; &nbsp;wurden inhaltlich intensiv, bei guter Stimmung besprochen .<\/div>\n<div dir=\"auto\">&nbsp;<\/div>\n<div dir=\"auto\">Die Sitzung endete daher erst&nbsp; um 21 30 Uhr&nbsp;<\/div>\n<div dir=\"auto\">&nbsp;<\/div>\n<div dir=\"auto\"><a href=\"https:\/\/www.spd-ortsverein-noerdliches-schwerte-holzen.de\/wp-content\/uploads\/2023\/05\/IMG_2046-scaled.jpeg\"><img loading=\"lazy\" decoding=\"async\" class=\"alignnone size-medium wp-image-7026\" src=\"https:\/\/www.spd-ortsverein-noerdliches-schwerte-holzen.de\/wp-content\/uploads\/2023\/05\/IMG_2046-300x225.jpeg\" alt=\"\" width=\"300\" height=\"225\" srcset=\"https:\/\/www.spd-ortsverein-noerdliches-schwerte-holzen.de\/wp-content\/uploads\/2023\/05\/IMG_2046-300x225.jpeg 300w, https:\/\/www.spd-ortsverein-noerdliches-schwerte-holzen.de\/wp-content\/uploads\/2023\/05\/IMG_2046-1024x768.jpeg 1024w, https:\/\/www.spd-ortsverein-noerdliches-schwerte-holzen.de\/wp-content\/uploads\/2023\/05\/IMG_2046-768x576.jpeg 768w, https:\/\/www.spd-ortsverein-noerdliches-schwerte-holzen.de\/wp-content\/uploads\/2023\/05\/IMG_2046-1536x1152.jpeg 1536w, https:\/\/www.spd-ortsverein-noerdliches-schwerte-holzen.de\/wp-content\/uploads\/2023\/05\/IMG_2046-2048x1536.jpeg 2048w\" sizes=\"auto, (max-width: 300px) 100vw, 300px\" \/><\/a><\/div>\n","protected":false},"excerpt":{"rendered":"<p>Sitzung des SPD- Ortsvereins N\u00f6rdliches Schwerte und Holzen Eine lange Tagesordnung galt es heute abzuarbeiten. &nbsp; Viele Termine galt es inhaltlich vorzuplanen. &nbsp; Hierzu geh\u00f6ren unter anderem&nbsp; die Beteiligung am&nbsp; Hospizfest am 18.6. im Alten Dortmunder Weg und das 160 j\u00e4hrige SPD-Jubil\u00e4um, das auf dem Gel\u00e4nde der Kulturkneipe auf der Heide gefeiert werden wird.&nbsp; &nbsp; [&hellip;]<\/p>\n","protected":false},"author":3,"featured_media":7027,"comment_status":"closed","ping_status":"closed","sticky":false,"template":"","format":"standard","meta":{"footnotes":""},"categories":[1,3],"tags":[],"class_list":["post-7025","post","type-post","status-publish","format-standard","has-post-thumbnail","hentry","category-allgemein","category-leitartikel"],"_links":{"self":[{"href":"https:\/\/www.spd-ortsverein-noerdliches-schwerte-holzen.de\/index.php?rest_route=\/wp\/v2\/posts\/7025","targetHints":{"allow":["GET"]}}],"collection":[{"href":"https:\/\/www.spd-ortsverein-noerdliches-schwerte-holzen.de\/index.php?rest_route=\/wp\/v2\/posts"}],"about":[{"href":"https:\/\/www.spd-ortsverein-noerdliches-schwerte-holzen.de\/index.php?rest_route=\/wp\/v2\/types\/post"}],"author":[{"embeddable":true,"href":"https:\/\/www.spd-ortsverein-noerdliches-schwerte-holzen.de\/index.php?rest_route=\/wp\/v2\/users\/3"}],"replies":[{"embeddable":true,"href":"https:\/\/www.spd-ortsverein-noerdliches-schwerte-holzen.de\/index.php?rest_route=%2Fwp%2Fv2%2Fcomments&post=7025"}],"version-history":[{"count":1,"href":"https:\/\/www.spd-ortsverein-noerdliches-schwerte-holzen.de\/index.php?rest_route=\/wp\/v2\/posts\/7025\/revisions"}],"predecessor-version":[{"id":7028,"href":"https:\/\/www.spd-ortsverein-noerdliches-schwerte-holzen.de\/index.php?rest_route=\/wp\/v2\/posts\/7025\/revisions\/7028"}],"wp:featuredmedia":[{"embeddable":true,"href":"https:\/\/www.spd-ortsverein-noerdliches-schwerte-holzen.de\/index.php?rest_route=\/wp\/v2\/media\/7027"}],"wp:attachment":[{"href":"https:\/\/www.spd-ortsverein-noerdliches-schwerte-holzen.de\/index.php?rest_route=%2Fwp%2Fv2%2Fmedia&parent=7025"}],"wp:term":[{"taxonomy":"category","embeddable":true,"href":"https:\/\/www.spd-ortsverein-noerdliches-schwerte-holzen.de\/index.php?rest_route=%2Fwp%2Fv2%2Fcategories&post=7025"},{"taxonomy":"post_tag","embeddable":true,"href":"https:\/\/www.spd-ortsverein-noerdliches-schwerte-holzen.de\/index.php?rest_route=%2Fwp%2Fv2%2Ftags&post=7025"}],"curies":[{"name":"wp","href":"https:\/\/api.w.org\/{rel}","templated":true}]}}