{"id":7169,"date":"2023-06-18T14:09:13","date_gmt":"2023-06-18T12:09:13","guid":{"rendered":"https:\/\/www.spd-ortsverein-noerdliches-schwerte-holzen.de\/?p=7169"},"modified":"2023-06-18T14:30:19","modified_gmt":"2023-06-18T12:30:19","slug":"strassenfest-des-hospiz-schwerte","status":"publish","type":"post","link":"https:\/\/www.spd-ortsverein-noerdliches-schwerte-holzen.de\/?p=7169","title":{"rendered":"Stra\u00dfenfest des Hospiz Schwerte"},"content":{"rendered":"<p><strong><span style=\"color: #ff0000;\">Stra\u00dfenfest des Hospiz Schwerte<\/span><\/strong><\/p>\n<p>Seit 11 Uhr l\u00e4uft das Stra\u00dfenfest &#x2764;&#xfe0f;&#x1f60d; f\u00fcr die ganze Familie.<\/p>\n<p>F\u00fcr das leibliche Wohl ist gesorgt auch Dank der lieben Ehrenamtlichen aus unserem Ortsverein.&nbsp;<\/p>\n<p><a href=\"https:\/\/www.spd-ortsverein-noerdliches-schwerte-holzen.de\/wp-content\/uploads\/2023\/06\/IMG_2800.jpeg\"><img loading=\"lazy\" decoding=\"async\" class=\"alignnone size-medium wp-image-7170\" src=\"https:\/\/www.spd-ortsverein-noerdliches-schwerte-holzen.de\/wp-content\/uploads\/2023\/06\/IMG_2800-212x300.jpeg\" alt=\"\" width=\"212\" height=\"300\" srcset=\"https:\/\/www.spd-ortsverein-noerdliches-schwerte-holzen.de\/wp-content\/uploads\/2023\/06\/IMG_2800-212x300.jpeg 212w, https:\/\/www.spd-ortsverein-noerdliches-schwerte-holzen.de\/wp-content\/uploads\/2023\/06\/IMG_2800-724x1024.jpeg 724w, https:\/\/www.spd-ortsverein-noerdliches-schwerte-holzen.de\/wp-content\/uploads\/2023\/06\/IMG_2800-768x1086.jpeg 768w, https:\/\/www.spd-ortsverein-noerdliches-schwerte-holzen.de\/wp-content\/uploads\/2023\/06\/IMG_2800-1086x1536.jpeg 1086w, https:\/\/www.spd-ortsverein-noerdliches-schwerte-holzen.de\/wp-content\/uploads\/2023\/06\/IMG_2800.jpeg 1131w\" sizes=\"auto, (max-width: 212px) 100vw, 212px\" \/><\/a> <a href=\"https:\/\/www.spd-ortsverein-noerdliches-schwerte-holzen.de\/wp-content\/uploads\/2023\/06\/3a9a43de-44f5-4973-97a7-36d8b7a8be65.jpeg\"><img loading=\"lazy\" decoding=\"async\" class=\"alignnone size-medium wp-image-7171\" src=\"https:\/\/www.spd-ortsverein-noerdliches-schwerte-holzen.de\/wp-content\/uploads\/2023\/06\/3a9a43de-44f5-4973-97a7-36d8b7a8be65-300x225.jpeg\" alt=\"\" width=\"300\" height=\"225\" srcset=\"https:\/\/www.spd-ortsverein-noerdliches-schwerte-holzen.de\/wp-content\/uploads\/2023\/06\/3a9a43de-44f5-4973-97a7-36d8b7a8be65-300x225.jpeg 300w, https:\/\/www.spd-ortsverein-noerdliches-schwerte-holzen.de\/wp-content\/uploads\/2023\/06\/3a9a43de-44f5-4973-97a7-36d8b7a8be65-1024x768.jpeg 1024w, https:\/\/www.spd-ortsverein-noerdliches-schwerte-holzen.de\/wp-content\/uploads\/2023\/06\/3a9a43de-44f5-4973-97a7-36d8b7a8be65-768x576.jpeg 768w, https:\/\/www.spd-ortsverein-noerdliches-schwerte-holzen.de\/wp-content\/uploads\/2023\/06\/3a9a43de-44f5-4973-97a7-36d8b7a8be65-1536x1152.jpeg 1536w, https:\/\/www.spd-ortsverein-noerdliches-schwerte-holzen.de\/wp-content\/uploads\/2023\/06\/3a9a43de-44f5-4973-97a7-36d8b7a8be65.jpeg 2048w\" sizes=\"auto, (max-width: 300px) 100vw, 300px\" \/><\/a> <a href=\"https:\/\/www.spd-ortsverein-noerdliches-schwerte-holzen.de\/wp-content\/uploads\/2023\/06\/4025570e-d882-4785-9403-b3e2bec46a14.jpeg\"><img loading=\"lazy\" decoding=\"async\" class=\"alignnone size-medium wp-image-7172\" src=\"https:\/\/www.spd-ortsverein-noerdliches-schwerte-holzen.de\/wp-content\/uploads\/2023\/06\/4025570e-d882-4785-9403-b3e2bec46a14-225x300.jpeg\" alt=\"\" width=\"225\" height=\"300\" srcset=\"https:\/\/www.spd-ortsverein-noerdliches-schwerte-holzen.de\/wp-content\/uploads\/2023\/06\/4025570e-d882-4785-9403-b3e2bec46a14-225x300.jpeg 225w, https:\/\/www.spd-ortsverein-noerdliches-schwerte-holzen.de\/wp-content\/uploads\/2023\/06\/4025570e-d882-4785-9403-b3e2bec46a14-768x1024.jpeg 768w, https:\/\/www.spd-ortsverein-noerdliches-schwerte-holzen.de\/wp-content\/uploads\/2023\/06\/4025570e-d882-4785-9403-b3e2bec46a14-1152x1536.jpeg 1152w, https:\/\/www.spd-ortsverein-noerdliches-schwerte-holzen.de\/wp-content\/uploads\/2023\/06\/4025570e-d882-4785-9403-b3e2bec46a14.jpeg 1536w\" sizes=\"auto, (max-width: 225px) 100vw, 225px\" \/><\/a> <a href=\"https:\/\/www.spd-ortsverein-noerdliches-schwerte-holzen.de\/wp-content\/uploads\/2023\/06\/cd870dd8-3da2-4f0d-a0bd-a5ba0a6ca858.jpeg\"><img loading=\"lazy\" decoding=\"async\" class=\"alignnone size-medium wp-image-7173\" src=\"https:\/\/www.spd-ortsverein-noerdliches-schwerte-holzen.de\/wp-content\/uploads\/2023\/06\/cd870dd8-3da2-4f0d-a0bd-a5ba0a6ca858-199x300.jpeg\" alt=\"\" width=\"199\" height=\"300\" srcset=\"https:\/\/www.spd-ortsverein-noerdliches-schwerte-holzen.de\/wp-content\/uploads\/2023\/06\/cd870dd8-3da2-4f0d-a0bd-a5ba0a6ca858-199x300.jpeg 199w, https:\/\/www.spd-ortsverein-noerdliches-schwerte-holzen.de\/wp-content\/uploads\/2023\/06\/cd870dd8-3da2-4f0d-a0bd-a5ba0a6ca858-680x1024.jpeg 680w, https:\/\/www.spd-ortsverein-noerdliches-schwerte-holzen.de\/wp-content\/uploads\/2023\/06\/cd870dd8-3da2-4f0d-a0bd-a5ba0a6ca858-768x1157.jpeg 768w, https:\/\/www.spd-ortsverein-noerdliches-schwerte-holzen.de\/wp-content\/uploads\/2023\/06\/cd870dd8-3da2-4f0d-a0bd-a5ba0a6ca858.jpeg 799w\" sizes=\"auto, (max-width: 199px) 100vw, 199px\" \/><\/a><br \/>\n<a href=\"https:\/\/www.spd-ortsverein-noerdliches-schwerte-holzen.de\/wp-content\/uploads\/2023\/06\/cf4b7203-1d30-4611-b29a-66e7e554ece1.jpeg\"><img loading=\"lazy\" decoding=\"async\" class=\"alignnone size-medium wp-image-7175\" src=\"https:\/\/www.spd-ortsverein-noerdliches-schwerte-holzen.de\/wp-content\/uploads\/2023\/06\/cf4b7203-1d30-4611-b29a-66e7e554ece1-225x300.jpeg\" alt=\"\" width=\"225\" height=\"300\" srcset=\"https:\/\/www.spd-ortsverein-noerdliches-schwerte-holzen.de\/wp-content\/uploads\/2023\/06\/cf4b7203-1d30-4611-b29a-66e7e554ece1-225x300.jpeg 225w, https:\/\/www.spd-ortsverein-noerdliches-schwerte-holzen.de\/wp-content\/uploads\/2023\/06\/cf4b7203-1d30-4611-b29a-66e7e554ece1.jpeg 768w\" sizes=\"auto, (max-width: 225px) 100vw, 225px\" \/><\/a><\/p>\n","protected":false},"excerpt":{"rendered":"<p>Stra\u00dfenfest des Hospiz Schwerte Seit 11 Uhr l\u00e4uft das Stra\u00dfenfest &#x2764;&#xfe0f;&#x1f60d; f\u00fcr die ganze Familie. F\u00fcr das leibliche Wohl ist gesorgt auch Dank der lieben Ehrenamtlichen aus unserem Ortsverein.&nbsp;<\/p>\n","protected":false},"author":3,"featured_media":7171,"comment_status":"closed","ping_status":"closed","sticky":false,"template":"","format":"standard","meta":{"footnotes":""},"categories":[1,3],"tags":[],"class_list":["post-7169","post","type-post","status-publish","format-standard","has-post-thumbnail","hentry","category-allgemein","category-leitartikel"],"_links":{"self":[{"href":"https:\/\/www.spd-ortsverein-noerdliches-schwerte-holzen.de\/index.php?rest_route=\/wp\/v2\/posts\/7169","targetHints":{"allow":["GET"]}}],"collection":[{"href":"https:\/\/www.spd-ortsverein-noerdliches-schwerte-holzen.de\/index.php?rest_route=\/wp\/v2\/posts"}],"about":[{"href":"https:\/\/www.spd-ortsverein-noerdliches-schwerte-holzen.de\/index.php?rest_route=\/wp\/v2\/types\/post"}],"author":[{"embeddable":true,"href":"https:\/\/www.spd-ortsverein-noerdliches-schwerte-holzen.de\/index.php?rest_route=\/wp\/v2\/users\/3"}],"replies":[{"embeddable":true,"href":"https:\/\/www.spd-ortsverein-noerdliches-schwerte-holzen.de\/index.php?rest_route=%2Fwp%2Fv2%2Fcomments&post=7169"}],"version-history":[{"count":3,"href":"https:\/\/www.spd-ortsverein-noerdliches-schwerte-holzen.de\/index.php?rest_route=\/wp\/v2\/posts\/7169\/revisions"}],"predecessor-version":[{"id":7177,"href":"https:\/\/www.spd-ortsverein-noerdliches-schwerte-holzen.de\/index.php?rest_route=\/wp\/v2\/posts\/7169\/revisions\/7177"}],"wp:featuredmedia":[{"embeddable":true,"href":"https:\/\/www.spd-ortsverein-noerdliches-schwerte-holzen.de\/index.php?rest_route=\/wp\/v2\/media\/7171"}],"wp:attachment":[{"href":"https:\/\/www.spd-ortsverein-noerdliches-schwerte-holzen.de\/index.php?rest_route=%2Fwp%2Fv2%2Fmedia&parent=7169"}],"wp:term":[{"taxonomy":"category","embeddable":true,"href":"https:\/\/www.spd-ortsverein-noerdliches-schwerte-holzen.de\/index.php?rest_route=%2Fwp%2Fv2%2Fcategories&post=7169"},{"taxonomy":"post_tag","embeddable":true,"href":"https:\/\/www.spd-ortsverein-noerdliches-schwerte-holzen.de\/index.php?rest_route=%2Fwp%2Fv2%2Ftags&post=7169"}],"curies":[{"name":"wp","href":"https:\/\/api.w.org\/{rel}","templated":true}]}}