{"id":7216,"date":"2023-07-26T03:14:08","date_gmt":"2023-07-26T01:14:08","guid":{"rendered":"https:\/\/www.spd-ortsverein-noerdliches-schwerte-holzen.de\/?p=7216"},"modified":"2023-07-26T14:50:07","modified_gmt":"2023-07-26T12:50:07","slug":"black-july","status":"publish","type":"post","link":"https:\/\/www.spd-ortsverein-noerdliches-schwerte-holzen.de\/?p=7216","title":{"rendered":"Black July"},"content":{"rendered":"<p><strong><span style=\"color: #ff0000;\">Black July<\/span><\/strong><\/p>\n<p>In diesen Tagen j\u00e4hren sich die Pogrome gegen die tamilische Bev\u00f6lkerung auf Sri Lanka zum 40. Mal.<\/p>\n<p>Die Schwerter SPD gedenkt der Opfer des sogenannten Black July.<\/p>\n<p>Vom 23. bis 30. Juli 1983 wurden \u00fcber 3000 Eelam Tamil*innen get\u00f6tet, unz\u00e4hlige tamilische Einwohner*innen gefoltert und vergewaltigt,<\/p>\n<p>Wohnungen zerst\u00f6rt und Gesch\u00e4fte gepl\u00fcndert. In der Folge des Black July suchten viele Tausende Tamil*innen Schutz in anderen L\u00e4ndern dieser Welt.<\/p>\n<p>Auch in Schwerte fanden etliche Menschen eine neue Heimat. Wir nehmen den Jahrestag zum Anlass, um unseren tamilischen Mitb\u00fcrgerinnen und Mitb\u00fcrgern unsere volle Solidarit\u00e4t zu bekunden.<\/p>\n<p>Dieser Tag ist ein Mahnmal der Geschichte: Die \u00fcber Jahrzehnte andauernden massiven Menschenrechtsverletzungen an ethnischen und religi\u00f6sen Minderheiten m\u00fcssen uneingeschr\u00e4nkt aufgearbeitet werden.<\/p>\n<p>#blackjuly<\/p>\n<p><a href=\"https:\/\/www.spd-ortsverein-noerdliches-schwerte-holzen.de\/wp-content\/uploads\/2023\/07\/Black-July.jpeg\"><img loading=\"lazy\" decoding=\"async\" class=\"alignnone size-medium wp-image-7217\" src=\"https:\/\/www.spd-ortsverein-noerdliches-schwerte-holzen.de\/wp-content\/uploads\/2023\/07\/Black-July-300x300.jpeg\" alt=\"\" width=\"300\" height=\"300\" srcset=\"https:\/\/www.spd-ortsverein-noerdliches-schwerte-holzen.de\/wp-content\/uploads\/2023\/07\/Black-July-300x300.jpeg 300w, https:\/\/www.spd-ortsverein-noerdliches-schwerte-holzen.de\/wp-content\/uploads\/2023\/07\/Black-July-150x150.jpeg 150w, https:\/\/www.spd-ortsverein-noerdliches-schwerte-holzen.de\/wp-content\/uploads\/2023\/07\/Black-July-768x768.jpeg 768w, https:\/\/www.spd-ortsverein-noerdliches-schwerte-holzen.de\/wp-content\/uploads\/2023\/07\/Black-July-60x60.jpeg 60w, https:\/\/www.spd-ortsverein-noerdliches-schwerte-holzen.de\/wp-content\/uploads\/2023\/07\/Black-July.jpeg 960w\" sizes=\"auto, (max-width: 300px) 100vw, 300px\" \/><\/a><\/p>\n","protected":false},"excerpt":{"rendered":"<p>Black July In diesen Tagen j\u00e4hren sich die Pogrome gegen die tamilische Bev\u00f6lkerung auf Sri Lanka zum 40. Mal. Die Schwerter SPD gedenkt der Opfer des sogenannten Black July. Vom 23. bis 30. Juli 1983 wurden \u00fcber 3000 Eelam Tamil*innen get\u00f6tet, unz\u00e4hlige tamilische Einwohner*innen gefoltert und vergewaltigt, Wohnungen zerst\u00f6rt und Gesch\u00e4fte gepl\u00fcndert. In der Folge [&hellip;]<\/p>\n","protected":false},"author":3,"featured_media":7217,"comment_status":"closed","ping_status":"closed","sticky":false,"template":"","format":"standard","meta":{"footnotes":""},"categories":[1,3],"tags":[],"class_list":["post-7216","post","type-post","status-publish","format-standard","has-post-thumbnail","hentry","category-allgemein","category-leitartikel"],"_links":{"self":[{"href":"https:\/\/www.spd-ortsverein-noerdliches-schwerte-holzen.de\/index.php?rest_route=\/wp\/v2\/posts\/7216","targetHints":{"allow":["GET"]}}],"collection":[{"href":"https:\/\/www.spd-ortsverein-noerdliches-schwerte-holzen.de\/index.php?rest_route=\/wp\/v2\/posts"}],"about":[{"href":"https:\/\/www.spd-ortsverein-noerdliches-schwerte-holzen.de\/index.php?rest_route=\/wp\/v2\/types\/post"}],"author":[{"embeddable":true,"href":"https:\/\/www.spd-ortsverein-noerdliches-schwerte-holzen.de\/index.php?rest_route=\/wp\/v2\/users\/3"}],"replies":[{"embeddable":true,"href":"https:\/\/www.spd-ortsverein-noerdliches-schwerte-holzen.de\/index.php?rest_route=%2Fwp%2Fv2%2Fcomments&post=7216"}],"version-history":[{"count":4,"href":"https:\/\/www.spd-ortsverein-noerdliches-schwerte-holzen.de\/index.php?rest_route=\/wp\/v2\/posts\/7216\/revisions"}],"predecessor-version":[{"id":7221,"href":"https:\/\/www.spd-ortsverein-noerdliches-schwerte-holzen.de\/index.php?rest_route=\/wp\/v2\/posts\/7216\/revisions\/7221"}],"wp:featuredmedia":[{"embeddable":true,"href":"https:\/\/www.spd-ortsverein-noerdliches-schwerte-holzen.de\/index.php?rest_route=\/wp\/v2\/media\/7217"}],"wp:attachment":[{"href":"https:\/\/www.spd-ortsverein-noerdliches-schwerte-holzen.de\/index.php?rest_route=%2Fwp%2Fv2%2Fmedia&parent=7216"}],"wp:term":[{"taxonomy":"category","embeddable":true,"href":"https:\/\/www.spd-ortsverein-noerdliches-schwerte-holzen.de\/index.php?rest_route=%2Fwp%2Fv2%2Fcategories&post=7216"},{"taxonomy":"post_tag","embeddable":true,"href":"https:\/\/www.spd-ortsverein-noerdliches-schwerte-holzen.de\/index.php?rest_route=%2Fwp%2Fv2%2Ftags&post=7216"}],"curies":[{"name":"wp","href":"https:\/\/api.w.org\/{rel}","templated":true}]}}